{"id":1031,"date":"2015-04-15T21:36:27","date_gmt":"2015-04-15T21:36:27","guid":{"rendered":"http:\/\/www.cid.com.py\/v1\/?p=1031"},"modified":"2015-04-15T21:36:27","modified_gmt":"2015-04-15T21:36:27","slug":"historia-y-arte-nacional","status":"publish","type":"post","link":"http:\/\/www.cid.com.py\/v1\/1031","title":{"rendered":"Historia y arte nacional"},"content":{"rendered":"<p style=\"text-align: left;\"><span style=\"color: #000000;\"><strong>Semana del periodista.<\/strong><\/span><\/p>\r\n<p style=\"text-align: left;\"><a href=\"http:\/\/www.cid.com.py\/v1\/wp-content\/uploads\/2015\/04\/AAFP.jpg\"><img loading=\"lazy\" decoding=\"async\" class=\"alignleft size-thumbnail wp-image-1032\" src=\"http:\/\/www.cid.com.py\/v1\/wp-content\/uploads\/2015\/04\/AAFP-150x150.jpg\" alt=\"AAFP\" width=\"150\" height=\"150\" \/><\/a><\/p>\r\n<p style=\"text-align: left;\"><span style=\"color: #000000;\">Una importante exposici\u00f3n sobre la Historia de la Televisi\u00f3n y el Cine Paraguayo se est\u00e1 preparando y podr\u00e1 ser visitada los d\u00edas 22, 23, 24 y 25 de abril. El emprendimiento dado a conocer por Armando Aquino, presidente de la Oprap y Ray Armele de la oficina Audiovisual de la Manzana de la Rivera, ser\u00e1 en recordaci\u00f3n de la semana del Periodista y la Comunicaci\u00f3n.<\/span><\/p>\r\n<p style=\"text-align: left;\"><span style=\"color: #000000;\">Durante los mencionados d\u00edas, se expondr\u00e1 en el Centro de Difusi\u00f3n del Archivo audiovisual y fotogr\u00e1fico del Paraguay, videos, im\u00e1genes y art\u00edculos period\u00edsticos recopilados sobre el desarrollo de la industria Audiovisual del Paraguay. \u00a0<\/span><\/p>\r\n<p style=\"text-align: left;\"><span style=\"color: #000000;\">La muestra estar\u00e1 a disposici\u00f3n de los estudiantes de 08:00 a 12:00 horas los d\u00edas mi\u00e9rcoles, jueves y viernes y de 10:00 a 16:00 horas el d\u00eda s\u00e1bado.<\/span><\/p>\r\n<p style=\"text-align: left;\"><span style=\"color: #000000;\">Para reservar horario y m\u00e1s informaci\u00f3n, comunicarse al correo electr\u00f3nico asuncionaudiovisual@gmail.com<\/span><\/p>","protected":false},"excerpt":{"rendered":"<p>Semana del periodista. Una importante exposici\u00f3n sobre la Historia de la Televisi\u00f3n y el Cine Paraguayo se est\u00e1 preparando y podr\u00e1 ser visitada los d\u00edas 22, 23, 24 y 25 de abril. El emprendimiento dado a conocer por Armando Aquino, presidente de la Oprap y Ray Armele de la oficina Audiovisual de la Manzana de<\/p>\n<div class=\"read-more\"><a href=\"http:\/\/www.cid.com.py\/v1\/1031\" title=\"Read More\">Read More<\/a><\/div>\n","protected":false},"author":5,"featured_media":0,"comment_status":"open","ping_status":"open","sticky":false,"template":"","format":"standard","meta":{"footnotes":""},"categories":[12],"tags":[624,627,625,626],"class_list":{"0":"post-1031","1":"post","2":"type-post","3":"status-publish","4":"format-standard","6":"category-arte-y-espectaculos","7":"tag-aafp","8":"tag-comunicacion","9":"tag-oprap","10":"tag-semana-del-periodista"},"_links":{"self":[{"href":"http:\/\/www.cid.com.py\/v1\/wp-json\/wp\/v2\/posts\/1031"}],"collection":[{"href":"http:\/\/www.cid.com.py\/v1\/wp-json\/wp\/v2\/posts"}],"about":[{"href":"http:\/\/www.cid.com.py\/v1\/wp-json\/wp\/v2\/types\/post"}],"author":[{"embeddable":true,"href":"http:\/\/www.cid.com.py\/v1\/wp-json\/wp\/v2\/users\/5"}],"replies":[{"embeddable":true,"href":"http:\/\/www.cid.com.py\/v1\/wp-json\/wp\/v2\/comments?post=1031"}],"version-history":[{"count":1,"href":"http:\/\/www.cid.com.py\/v1\/wp-json\/wp\/v2\/posts\/1031\/revisions"}],"predecessor-version":[{"id":1033,"href":"http:\/\/www.cid.com.py\/v1\/wp-json\/wp\/v2\/posts\/1031\/revisions\/1033"}],"wp:attachment":[{"href":"http:\/\/www.cid.com.py\/v1\/wp-json\/wp\/v2\/media?parent=1031"}],"wp:term":[{"taxonomy":"category","embeddable":true,"href":"http:\/\/www.cid.com.py\/v1\/wp-json\/wp\/v2\/categories?post=1031"},{"taxonomy":"post_tag","embeddable":true,"href":"http:\/\/www.cid.com.py\/v1\/wp-json\/wp\/v2\/tags?post=1031"}],"curies":[{"name":"wp","href":"https:\/\/api.w.org\/{rel}","templated":true}]}}