{"id":1073,"date":"2015-05-20T14:52:57","date_gmt":"2015-05-20T14:52:57","guid":{"rendered":"http:\/\/www.cid.com.py\/v1\/?p=1073"},"modified":"2015-05-20T14:54:46","modified_gmt":"2015-05-20T14:54:46","slug":"impulso-a-la-creatividad-2","status":"publish","type":"post","link":"http:\/\/www.cid.com.py\/v1\/1073","title":{"rendered":"Impulso a la creatividad"},"content":{"rendered":"<p style=\"text-align: left;\"><span style=\"color: #000000;\"><strong>Apuesta por el cine nacional.<\/strong><\/span><\/p>\r\n<p style=\"text-align: left;\"><span style=\"color: #000000;\"><a style=\"color: #000000;\" href=\"http:\/\/www.cid.com.py\/v1\/wp-content\/uploads\/2015\/05\/IMG_13061.jpg\"><img loading=\"lazy\" decoding=\"async\" class=\"alignleft size-thumbnail wp-image-1069\" src=\"http:\/\/www.cid.com.py\/v1\/wp-content\/uploads\/2015\/05\/IMG_13061-150x150.jpg\" alt=\"Cabildo\" width=\"150\" height=\"150\" \/><\/a><\/span><\/p>\r\n<p style=\"text-align: left;\"><span style=\"color: #000000;\">Diversidad de premios pretende impulsar el acceso a festivales internacionales<\/span><\/p>\r\n<p style=\"text-align: left;\"><span style=\"color: #000000;\">El Premio al Estreno de una Pel\u00edcula Paraguaya 2015 se\u00a0 present\u00f3 en reuni\u00f3n de prensa realizada por iniciativa del 24\u00ba festival Internacional de Cine-Arte y Cultura- Paraguay 2015 y el Centro Cultural de la Rep\u00fablica El Cabildo. Tuvo lugar en el Sal\u00f3n Auditorio de la instituci\u00f3n.<\/span><\/p>\r\n<p style=\"text-align: left;\"><span style=\"color: #000000;\">Este concurso convoca a las pel\u00edculas paraguayas in\u00e9ditas (largometrajes de ficci\u00f3n y documentales, con un m\u00ednimo de 60 minutos de duraci\u00f3n) que se encuentren finalizadas o actualmente en etapa de post-producci\u00f3n en condiciones de terminaci\u00f3n; y con el compromiso de entregar una copia de exhibici\u00f3n a m\u00e1s tardar el 31 de julio del presente a\u00f1o. La pel\u00edcula ganadora recibir\u00e1 premios en efectivo, y otros de valores, adem\u00e1s del estreno de la obra seleccionada en la Secci\u00f3n Oficial de Largometrajes del 24\u00ba Festival; y con gestiones para asegurar la exhibici\u00f3n en festivales internacionales.<\/span><\/p>\r\n<p style=\"text-align: left;\"><span style=\"color: #000000;\">\u201cDesde la creaci\u00f3n del CCR Cabildo hemos tratado de impulsar con creatividad y sin ninguna suerte de ego\u00edsmo entre los distintos actores del \u00e1mbito cultural y de ser incluyentes en todo lo que hacemos. Y esta es la prueba porque a trav\u00e9s de la Casa de las Artes Visuales y de Hugo Gamarra Etcheverry, llega esta propuesta\u201d, expres\u00f3 Margarita Morselli, directora general del CCR Cabildo.<\/span><\/p>\r\n<p style=\"text-align: left;\"><span style=\"color: #000000;\">\u201cEn nombre propio, de la Fundaci\u00f3n Cinemateca del Paraguay y del Festival Internacional de Cine les digo que para nosotros es un orgullo estar en este espacio. Vale destacar que estos aportes que hacemos desde El Cabildo, desde la Fundaci\u00f3n Cinemateca y Festival de Cine, y tantos otros que se hacen desde otras instituciones, se contin\u00faan realizando en ausencia de un instituto nacional de cinematograf\u00eda\u201d, se\u00f1al\u00f3 Hugo Gamarra, presidente de la Fundaci\u00f3n Cinemateca Paraguay.<\/span><\/p>\r\n<p style=\"text-align: left;\"><span style=\"color: #000000;\">\u201cNos hemos dado cuenta de que se necesita m\u00e1s que un premio en dinero para que la pel\u00edcula pueda salir\u201d, explic\u00f3 Ana Martini, directora de la Casa Bicentenario de las Artes Visuales con relaci\u00f3n a los premios que ser\u00e1n otorgados a la pel\u00edcula ganadora. \u201cAdem\u00e1s, nos parece digno de destacar que los premios ser\u00e1n entregados al director y al productor, reconociendo as\u00ed ese doble valor\u201d, signific\u00f3.<\/span><\/p>\r\n<p style=\"text-align: left;\"><span style=\"color: #000000;\">\u201cPara la Direcci\u00f3n Nacional de Propiedad Intelectual es claro: vamos a apostar a las industrias creativas y a las industrias derivadas del derecho de autor. Vamos a apostar a ser un pa\u00eds creador, un pa\u00eds de creadores y creadoras\u201d, agreg\u00f3, por su parte, el abogado Rodrigo Irazusta de la Direcci\u00f3n Nacional de Propiedad Intelectual (Dinapi).<\/span><\/p>\r\n<p style=\"text-align: left;\"><span style=\"color: #000000;\"><strong>Variedad de premios<\/strong><\/span><\/p>\r\n<p style=\"text-align: left;\"><span style=\"color: #000000;\">La convocatoria se encuentra abierta desde el d\u00eda 19 de mayo y cerrar\u00e1 el d\u00eda 10 de julio de 2015. Los premios consisten en Gs. 15.000.000 otorgados por el Centro Cultural de la Rep\u00fablica El Cabildo para el estreno nacional, el afiche o tr\u00e1iler, m\u00e1s asesor\u00eda de marketing realizada por la empresa internacional Boogieman Media de Buenos \u00a0Aires, Argentina; la traducci\u00f3n y subtitulado ingl\u00e9s por la empresa internacional Talbox Studio (Buenos \u00a0Aires), el servicio de masterizado en DCP por la empresa internacional Cinematiko (Buenos \u00a0Aires), la gesti\u00f3n por parte del Festival Internacional de Cine para asegurar la exhibici\u00f3n de la pel\u00edcula en otro\/s festival\/es internacional\/es; y la inclusi\u00f3n en la programaci\u00f3n del 25\u00ba Festival Internacional de Cine-Arte y Cultura-Paraguay 2016. Estos premios ser\u00e1n entregados al Director y el Productor.<\/span><\/p>\r\n<p style=\"text-align: left;\"><span style=\"color: #000000;\">M\u00e1s consultas y detalles en \u00a0festivaldecinepy@gmail.com o en la p\u00e1gina www.cinefesti.wordpress.com<\/span><\/p>\r\n<p style=\"text-align: left;\"><span style=\"color: #000000;\">Fuente: centro cultural el cabildo<\/span><\/p>","protected":false},"excerpt":{"rendered":"<p>Apuesta por el cine nacional. Diversidad de premios pretende impulsar el acceso a festivales internacionales El Premio al Estreno de una Pel\u00edcula Paraguaya 2015 se\u00a0 present\u00f3 en reuni\u00f3n de prensa realizada por iniciativa del 24\u00ba festival Internacional de Cine-Arte y Cultura- Paraguay 2015 y el Centro Cultural de la Rep\u00fablica El Cabildo. Tuvo lugar en<\/p>\n<div class=\"read-more\"><a href=\"http:\/\/www.cid.com.py\/v1\/1073\" title=\"Read More\">Read More<\/a><\/div>\n","protected":false},"author":5,"featured_media":0,"comment_status":"open","ping_status":"open","sticky":false,"template":"","format":"standard","meta":{"footnotes":""},"categories":[12],"tags":[73,379,262,381,316],"class_list":{"0":"post-1073","1":"post","2":"type-post","3":"status-publish","4":"format-standard","6":"category-arte-y-espectaculos","7":"tag-centro-cultural-de-la-republica-el-cabildo","8":"tag-cine","9":"tag-festival","10":"tag-pelicula","11":"tag-premio"},"_links":{"self":[{"href":"http:\/\/www.cid.com.py\/v1\/wp-json\/wp\/v2\/posts\/1073"}],"collection":[{"href":"http:\/\/www.cid.com.py\/v1\/wp-json\/wp\/v2\/posts"}],"about":[{"href":"http:\/\/www.cid.com.py\/v1\/wp-json\/wp\/v2\/types\/post"}],"author":[{"embeddable":true,"href":"http:\/\/www.cid.com.py\/v1\/wp-json\/wp\/v2\/users\/5"}],"replies":[{"embeddable":true,"href":"http:\/\/www.cid.com.py\/v1\/wp-json\/wp\/v2\/comments?post=1073"}],"version-history":[{"count":3,"href":"http:\/\/www.cid.com.py\/v1\/wp-json\/wp\/v2\/posts\/1073\/revisions"}],"predecessor-version":[{"id":1076,"href":"http:\/\/www.cid.com.py\/v1\/wp-json\/wp\/v2\/posts\/1073\/revisions\/1076"}],"wp:attachment":[{"href":"http:\/\/www.cid.com.py\/v1\/wp-json\/wp\/v2\/media?parent=1073"}],"wp:term":[{"taxonomy":"category","embeddable":true,"href":"http:\/\/www.cid.com.py\/v1\/wp-json\/wp\/v2\/categories?post=1073"},{"taxonomy":"post_tag","embeddable":true,"href":"http:\/\/www.cid.com.py\/v1\/wp-json\/wp\/v2\/tags?post=1073"}],"curies":[{"name":"wp","href":"https:\/\/api.w.org\/{rel}","templated":true}]}}