{"id":1152,"date":"2015-07-16T00:17:39","date_gmt":"2015-07-16T00:17:39","guid":{"rendered":"http:\/\/www.cid.com.py\/v1\/?p=1152"},"modified":"2015-07-16T00:17:39","modified_gmt":"2015-07-16T00:17:39","slug":"luna-de-cigarras","status":"publish","type":"post","link":"http:\/\/www.cid.com.py\/v1\/1152","title":{"rendered":"Luna de Cigarras"},"content":{"rendered":"<p style=\"text-align: left;\"><span style=\"color: #000000;\"><strong>Reconocimiento internacional.<\/strong><\/span><\/p>\r\n<p style=\"text-align: left;\"><a href=\"http:\/\/www.cid.com.py\/v1\/wp-content\/uploads\/2015\/07\/pelicula-paraguaya-luna-cigarras-estrena-nuevo-trailer.jpg\"><img loading=\"lazy\" decoding=\"async\" class=\"alignleft size-thumbnail wp-image-1153\" src=\"http:\/\/www.cid.com.py\/v1\/wp-content\/uploads\/2015\/07\/pelicula-paraguaya-luna-cigarras-estrena-nuevo-trailer-150x150.jpg\" alt=\"pelicula-paraguaya-luna-cigarras-estrena-nuevo-trailer\" width=\"150\" height=\"150\" \/><\/a><\/p>\r\n<p style=\"text-align: left;\"><span style=\"color: #000000;\">La Casa Bicentenario de las Artes Visuales, dependiente del Centro Cultural de la Rep\u00fablica El Cabildo, y la Secretar\u00eda Nacional de Cultura invitan a una conferencia de prensa que tendr\u00e1 lugar en la Casa de las Artes Visuales Ignacio Nu\u00f1ez Soler(Azara 845 entre Estados Unidos y Tacuary), <em><strong>este jueves a las 10:00 horas<\/strong><\/em>. El objetivo es informar acerca de los premios que la pel\u00edcula paraguaya \u201cLuna de Cigarras\u201d recibi\u00f3 en el Madrid Internacional Film Festival. En la oportunidad se detallar\u00e1n los pasos a seguir en su proyecci\u00f3n y circulaci\u00f3n nacional e internacional. Estar\u00e1n presentes los responsables de la pel\u00edcula, acompa\u00f1ados por la\u00a0ministra de Cultura, Mabel Causarano y la\u00a0directora general del Centro Cultural de la Rep\u00fablica El Cabildo del Congreso de la Naci\u00f3n, Margarita Morselli.<\/span><\/p>\r\n<p style=\"text-align: left;\"><span style=\"color: #000000;\">La pel\u00edcula \u00abLuna de Cigarras\u00bb fue nominada en cuatro categor\u00edas y result\u00f3 ganadora en dos de ellas: Mejor Nuevo Director y Mejor Vestuario. Los premios quedaron en manos de Jorge D\u00edaz de Bedoya y Tania Simbr\u00f3n, respectivamente. El film compiti\u00f3 con pel\u00edculas como \u201cCode Oakland\u201d de Kelly Amis, \u201cMy Bonnie\u201d de Hannah Quinn, \u201cMia\u201d de Joseph McCarthy, entre otras nueve producciones.<\/span><\/p>\r\n<p style=\"text-align: left;\"><span style=\"color: #000000;\">\u201cPara la Casa de las Artes Visuales, dependiente del CCR El Cabildo, es muy importante la funci\u00f3n de comunicar y mantener a los ciudadanos informados acerca de los avances y logros de nuestra producci\u00f3n audiovisual, as\u00ed ofrecemos nuestro espacio como algo que pertenece a toda la ciudadan\u00eda y, especialmente, a los audiovisualistas; al igual que a todos los que hacen que esto sea un esfuerzo y logro colectivo\u201d, afirm\u00f3 Ana Martini, directora de la Casa Bicentenario de las Artes Visuales. \u201cDesde la Casa de las Artes Visuales llevamos la mesa multisectorial donde damos cuenta de estos avances y que tambi\u00e9n se ocupa de visibilizar al sector; adem\u00e1s de realizar otras actividades como las formativas\u201d, agreg\u00f3.<\/span><\/p>\r\n<p style=\"text-align: left;\"><span style=\"color: #000000;\">Fuente: ccrec<\/span><\/p>","protected":false},"excerpt":{"rendered":"<p>Reconocimiento internacional. La Casa Bicentenario de las Artes Visuales, dependiente del Centro Cultural de la Rep\u00fablica El Cabildo, y la Secretar\u00eda Nacional de Cultura invitan a una conferencia de prensa que tendr\u00e1 lugar en la Casa de las Artes Visuales Ignacio Nu\u00f1ez Soler(Azara 845 entre Estados Unidos y Tacuary), este jueves a las 10:00 horas.<\/p>\n<div class=\"read-more\"><a href=\"http:\/\/www.cid.com.py\/v1\/1152\" title=\"Read More\">Read More<\/a><\/div>\n","protected":false},"author":5,"featured_media":0,"comment_status":"open","ping_status":"open","sticky":false,"template":"","format":"standard","meta":{"footnotes":""},"categories":[12],"tags":[732,728,73,379,727,731,726,729,730],"class_list":{"0":"post-1152","1":"post","2":"type-post","3":"status-publish","4":"format-standard","6":"category-arte-y-espectaculos","7":"tag-ana-martini","8":"tag-casa-bicentenario-de-las-artes-visuales","9":"tag-centro-cultural-de-la-republica-el-cabildo","10":"tag-cine","11":"tag-cine-paraguayo","12":"tag-jorge-diaz-de-bedoya","13":"tag-luna-de-cigarras","14":"tag-secretaria-nacional-de-cultura","15":"tag-tania-simbron"},"_links":{"self":[{"href":"http:\/\/www.cid.com.py\/v1\/wp-json\/wp\/v2\/posts\/1152"}],"collection":[{"href":"http:\/\/www.cid.com.py\/v1\/wp-json\/wp\/v2\/posts"}],"about":[{"href":"http:\/\/www.cid.com.py\/v1\/wp-json\/wp\/v2\/types\/post"}],"author":[{"embeddable":true,"href":"http:\/\/www.cid.com.py\/v1\/wp-json\/wp\/v2\/users\/5"}],"replies":[{"embeddable":true,"href":"http:\/\/www.cid.com.py\/v1\/wp-json\/wp\/v2\/comments?post=1152"}],"version-history":[{"count":1,"href":"http:\/\/www.cid.com.py\/v1\/wp-json\/wp\/v2\/posts\/1152\/revisions"}],"predecessor-version":[{"id":1154,"href":"http:\/\/www.cid.com.py\/v1\/wp-json\/wp\/v2\/posts\/1152\/revisions\/1154"}],"wp:attachment":[{"href":"http:\/\/www.cid.com.py\/v1\/wp-json\/wp\/v2\/media?parent=1152"}],"wp:term":[{"taxonomy":"category","embeddable":true,"href":"http:\/\/www.cid.com.py\/v1\/wp-json\/wp\/v2\/categories?post=1152"},{"taxonomy":"post_tag","embeddable":true,"href":"http:\/\/www.cid.com.py\/v1\/wp-json\/wp\/v2\/tags?post=1152"}],"curies":[{"name":"wp","href":"https:\/\/api.w.org\/{rel}","templated":true}]}}