{"id":1312,"date":"2015-08-03T14:27:08","date_gmt":"2015-08-03T14:27:08","guid":{"rendered":"http:\/\/www.cid.com.py\/v1\/?p=1312"},"modified":"2015-08-03T14:27:08","modified_gmt":"2015-08-03T14:27:08","slug":"paraguay-brasil","status":"publish","type":"post","link":"http:\/\/www.cid.com.py\/v1\/1312","title":{"rendered":"Paraguay-Brasil"},"content":{"rendered":"<span style=\"color: #000000;\"><strong>4ta. Feria cultural.<\/strong><\/span>\r\n\r\n<a href=\"http:\/\/www.cid.com.py\/v1\/wp-content\/uploads\/2015\/08\/Feria.jpg\"><img loading=\"lazy\" decoding=\"async\" class=\"alignleft size-medium wp-image-1313\" src=\"http:\/\/www.cid.com.py\/v1\/wp-content\/uploads\/2015\/08\/Feria-300x202.jpg\" alt=\"Feria\" width=\"300\" height=\"202\" \/><\/a>\r\n\r\n<span style=\"color: #000000;\">El prop\u00f3sito es promover la amistad y la convivencia entre Paraguayos, brasile\u00f1os y extranjeros residentes en Paraguay.<\/span>\r\n\r\n<span style=\"color: #000000;\">El espacio estar\u00e1 abierto para la difusi\u00f3n de los trabajos en los diversos campos como la artesan\u00eda, m\u00fasica, arte urbano, gastronom\u00eda, bordados, idiomas, reciclado y baile entre otras actividades. \u00a0<\/span>\r\n\r\n<span style=\"color: #000000;\">El 8 de agosto de 09:00 a 22:00 horas en la plaza Infante Rivarola, Villa Morra.\u00a0<\/span>","protected":false},"excerpt":{"rendered":"<p>4ta. Feria cultural. El prop\u00f3sito es promover la amistad y la convivencia entre Paraguayos, brasile\u00f1os y extranjeros residentes en Paraguay. El espacio estar\u00e1 abierto para la difusi\u00f3n de los trabajos en los diversos campos como la artesan\u00eda, m\u00fasica, arte urbano, gastronom\u00eda, bordados, idiomas, reciclado y baile entre otras actividades. \u00a0 El 8 de agosto de<\/p>\n<div class=\"read-more\"><a href=\"http:\/\/www.cid.com.py\/v1\/1312\" title=\"Read More\">Read More<\/a><\/div>\n","protected":false},"author":5,"featured_media":0,"comment_status":"open","ping_status":"open","sticky":false,"template":"","format":"standard","meta":{"footnotes":""},"categories":[12],"tags":[759,762,763,663,760,758,135,761,389,43],"class_list":{"0":"post-1312","1":"post","2":"type-post","3":"status-publish","4":"format-standard","6":"category-arte-y-espectaculos","7":"tag-4ta-feria-cultural","8":"tag-arte","9":"tag-arte-urbano","10":"tag-artesania","11":"tag-bordado","12":"tag-embajada-del-brasil","13":"tag-feria","14":"tag-gastronomia","15":"tag-musica","16":"tag-paraguay"},"_links":{"self":[{"href":"http:\/\/www.cid.com.py\/v1\/wp-json\/wp\/v2\/posts\/1312"}],"collection":[{"href":"http:\/\/www.cid.com.py\/v1\/wp-json\/wp\/v2\/posts"}],"about":[{"href":"http:\/\/www.cid.com.py\/v1\/wp-json\/wp\/v2\/types\/post"}],"author":[{"embeddable":true,"href":"http:\/\/www.cid.com.py\/v1\/wp-json\/wp\/v2\/users\/5"}],"replies":[{"embeddable":true,"href":"http:\/\/www.cid.com.py\/v1\/wp-json\/wp\/v2\/comments?post=1312"}],"version-history":[{"count":1,"href":"http:\/\/www.cid.com.py\/v1\/wp-json\/wp\/v2\/posts\/1312\/revisions"}],"predecessor-version":[{"id":1314,"href":"http:\/\/www.cid.com.py\/v1\/wp-json\/wp\/v2\/posts\/1312\/revisions\/1314"}],"wp:attachment":[{"href":"http:\/\/www.cid.com.py\/v1\/wp-json\/wp\/v2\/media?parent=1312"}],"wp:term":[{"taxonomy":"category","embeddable":true,"href":"http:\/\/www.cid.com.py\/v1\/wp-json\/wp\/v2\/categories?post=1312"},{"taxonomy":"post_tag","embeddable":true,"href":"http:\/\/www.cid.com.py\/v1\/wp-json\/wp\/v2\/tags?post=1312"}],"curies":[{"name":"wp","href":"https:\/\/api.w.org\/{rel}","templated":true}]}}