{"id":140,"date":"2014-07-17T22:57:26","date_gmt":"2014-07-17T22:57:26","guid":{"rendered":"http:\/\/www.cid.com.py\/v1\/?p=140"},"modified":"2014-07-17T23:11:39","modified_gmt":"2014-07-17T23:11:39","slug":"documentos-y-fotografias-del-dr-eusebio-ayala","status":"publish","type":"post","link":"http:\/\/www.cid.com.py\/v1\/140","title":{"rendered":"Documentos y fotograf\u00edas del Dr. Eusebio Ayala"},"content":{"rendered":"Testimonios hist\u00f3ricos.\r\n\r\n<img loading=\"lazy\" decoding=\"async\" class=\"alignleft size-medium wp-image-141\" src=\"http:\/\/www.cid.com.py\/v1\/wp-content\/uploads\/2014\/07\/MG_3878-300x200.jpg\" alt=\"El Cabildo\" width=\"300\" height=\"200\" \/>Una importante donaci\u00f3n de materiales y documentos referentes al ex Presidente de la Rep\u00fablica Dr. Eusebio Ayala, fue entregada al Congreso de la Naci\u00f3n por el arquitecto y humorista gr\u00e1fico \u201cTata\u201d, An\u00edbal Ferreira Menchaca, en un breve acto donde participaron, el senador Blas Antonio Llano Ramos, presidente del Congreso de la Naci\u00f3n; Margarita Morselli, directora general del CCR El Cabildo e invitados.\r\nTodo el conjunto hab\u00eda sido cedido por Roger Ayala, hijo \u00fanico de Eusebio Ayala, quien al no tener descendencia, se lo entreg\u00f3 a An\u00edbal Ferreira, quien a su vez decidi\u00f3 entregarlas al Congreso de la Naci\u00f3n, y pasar\u00e1 a formar parte del acervo cultural e hist\u00f3rico del Centro Cultural de la Rep\u00fablica El Cabildo.\r\nLa colecci\u00f3n contiene el pasaporte 2697E del Dr. Eusebio Ayala, la Libreta C\u00edvica, la libreta del Servicio Militar y de la Guardia Nacional, la Libreta de Familia N\u00ba 12.906, un carnet de circulaci\u00f3n, tarjetas postales y una tarjeta de invitaci\u00f3n para el Desfile de la Victoria del 22 de agosto de 1935. Tambi\u00e9n, \u00e1lbumes de recortes personales, de 1915 a 1931; recortes del Dr. Ayala y su familia durante su presidencia, repercusiones period\u00edsticas sobre el Paraguay, entre 1936 y 1937; recortes period\u00edsticos internacionales de 1928 y nacionales de 1932 a 1934.\r\nA esto se suma una importante lote de 340 negativos de fotograf\u00edas de diferentes momentos de la Guerra del Chaco, la Asunci\u00f3n de entonces; del Dr. Ayala al recibir la banda presidencial en su residencia, del viaje de Roger Ayala de Camacho a Buenos Aires, del Gral. Estigarribia informando a sus oficiales de campo, del avi\u00f3n Nanawa, tanques bolivianos capturados en 1933, soldados paraguayos en la contienda, vistas y actividades en Isla Po\u2019i, el centro de operaciones durante la guerra del Chaco, entre otros instantes capturados. Todos ser\u00e1n clasificados y seleccionados para su exhibici\u00f3n al p\u00fablico en el Cabildo.\r\nEl presidente del Congreso, al tiempo en que admiraba los objetos, manifest\u00f3 que \u201cel valor de estas piezas es muy importante, sobre todo trat\u00e1ndose de una personalidad como fue el Dr. Eusebio Ayala, quien creo tiene el reconocimiento de toda la ciudadan\u00eda, sin importar el origen partidario. Ayala fue el conductor civil de la victoria paraguaya en la Guerra del Chaco\u201d.\r\nEn otro momento el senador Llano Ramos, expres\u00f3: \u201cEstoy muy agradecido con el arquitecto Ferreira, en nombre del Congreso Nacional y el Cabildo, que es dirigido de una manera brillante por Margarita Morselli. Creo que este tipo de acciones hace redoblar nuestro compromiso para poder mantener, cuidar y difundir estos patrimonios\u201d, expres\u00f3.\r\nAn\u00edbal Ferreira Menchaca expres\u00f3 la raz\u00f3n por la que decidi\u00f3 entregar esta colecci\u00f3n invaluable al Congreso: \u201cRoger Ayala me hab\u00eda entregado todo este acervo pidi\u00e9ndome que cuando encuentre un museo que sea cre\u00edble, lo entregue. As\u00ed lo estoy cumpliendo, 30 a\u00f1os despu\u00e9s, porque encontr\u00e9 el lugar donde podr\u00e1 tener la importancia que debe\u201d. Adem\u00e1s, Ferreira se comprometi\u00f3 a entregar una cinta de 9mm sobre el Desfile de la Victoria, de una duraci\u00f3n aproximada de 15 minutos.\r\n\r\nfuente: ccelcabildo","protected":false},"excerpt":{"rendered":"<p>Testimonios hist\u00f3ricos. Una importante donaci\u00f3n de materiales y documentos referentes al ex Presidente de la Rep\u00fablica Dr. Eusebio Ayala, fue entregada al Congreso de la Naci\u00f3n por el arquitecto y humorista gr\u00e1fico \u201cTata\u201d, An\u00edbal Ferreira Menchaca, en un breve acto donde participaron, el senador Blas Antonio Llano Ramos, presidente del Congreso de la Naci\u00f3n; Margarita<\/p>\n<div class=\"read-more\"><a href=\"http:\/\/www.cid.com.py\/v1\/140\" title=\"Read More\">Read More<\/a><\/div>\n","protected":false},"author":5,"featured_media":0,"comment_status":"open","ping_status":"open","sticky":false,"template":"","format":"standard","meta":{"footnotes":""},"categories":[6],"tags":[89,86,87,88,90,72],"class_list":{"0":"post-140","1":"post","2":"type-post","3":"status-publish","4":"format-standard","6":"category-nacionales","7":"tag-archivo","8":"tag-congreso","9":"tag-congreso-nacional","10":"tag-documentos","11":"tag-dr-eusebio-ayala","12":"tag-el-cabildo"},"_links":{"self":[{"href":"http:\/\/www.cid.com.py\/v1\/wp-json\/wp\/v2\/posts\/140"}],"collection":[{"href":"http:\/\/www.cid.com.py\/v1\/wp-json\/wp\/v2\/posts"}],"about":[{"href":"http:\/\/www.cid.com.py\/v1\/wp-json\/wp\/v2\/types\/post"}],"author":[{"embeddable":true,"href":"http:\/\/www.cid.com.py\/v1\/wp-json\/wp\/v2\/users\/5"}],"replies":[{"embeddable":true,"href":"http:\/\/www.cid.com.py\/v1\/wp-json\/wp\/v2\/comments?post=140"}],"version-history":[{"count":2,"href":"http:\/\/www.cid.com.py\/v1\/wp-json\/wp\/v2\/posts\/140\/revisions"}],"predecessor-version":[{"id":150,"href":"http:\/\/www.cid.com.py\/v1\/wp-json\/wp\/v2\/posts\/140\/revisions\/150"}],"wp:attachment":[{"href":"http:\/\/www.cid.com.py\/v1\/wp-json\/wp\/v2\/media?parent=140"}],"wp:term":[{"taxonomy":"category","embeddable":true,"href":"http:\/\/www.cid.com.py\/v1\/wp-json\/wp\/v2\/categories?post=140"},{"taxonomy":"post_tag","embeddable":true,"href":"http:\/\/www.cid.com.py\/v1\/wp-json\/wp\/v2\/tags?post=140"}],"curies":[{"name":"wp","href":"https:\/\/api.w.org\/{rel}","templated":true}]}}