{"id":1495,"date":"2015-12-11T17:36:07","date_gmt":"2015-12-11T17:36:07","guid":{"rendered":"http:\/\/www.cid.com.py\/v1\/?p=1495"},"modified":"2015-12-11T17:39:42","modified_gmt":"2015-12-11T17:39:42","slug":"cultural-cierre-del-ano","status":"publish","type":"post","link":"http:\/\/www.cid.com.py\/v1\/1495","title":{"rendered":"Cultural cierre del a\u00f1o"},"content":{"rendered":"<p style=\"text-align: left;\"><span style=\"color: #000000;\"><strong>Explanada del CCR El Cabildo.<\/strong><\/span><\/p>\r\n\r\n\r\n<div id=\"attachment_1496\" style=\"width: 160px\" class=\"wp-caption alignleft\"><a href=\"http:\/\/www.cid.com.py\/v1\/wp-content\/uploads\/2015\/12\/danza.jpg\"><img loading=\"lazy\" decoding=\"async\" aria-describedby=\"caption-attachment-1496\" class=\"size-thumbnail wp-image-1496\" src=\"http:\/\/www.cid.com.py\/v1\/wp-content\/uploads\/2015\/12\/danza-150x150.jpg\" alt=\"El Ballet Nacional presentar\u00e1 \u201cPuentes inversos\u201d, con acceso libre y gratuito\" width=\"150\" height=\"150\" \/><\/a><p id=\"caption-attachment-1496\" class=\"wp-caption-text\">El Ballet Nacional presentar\u00e1 \u201cPuentes inversos\u201d, con acceso libre y gratuito<\/p><\/div>\r\n<p style=\"text-align: left;\"><span style=\"color: #000000;\">El Ballet Nacional\u00a0 del Paraguay, dependiente de la Secretar\u00eda Nacional de Cultura, con el apoyo del Centro Cultural de la Rep\u00fablica El Cabildo y la Fundaci\u00f3n Pro Ballet, presentar\u00e1 este s\u00e1bado 12 de diciembre las 20:00 horas<\/span>, <span style=\"color: #000000;\">\u00a0un espect\u00e1culo que reunir\u00e1 a la Banda y el Ballet Folcl\u00f3rico Nacional, as\u00ed como al Ballet Contempor\u00e1neo. Como cierre del a\u00f1o se ofrecer\u00e1 esta suerte de resumen de la experiencia desarrollada en el proceso de investigaci\u00f3n y b\u00fasqueda realizada a lo largo del 2015. La actividad ser\u00e1 en la explanada del CCR El Cabildo (Avda. de la Rep\u00fablica casi Alberdi). El acceso es libre y gratuito.<\/span><\/p>\r\n<p style=\"text-align: left;\"><span style=\"color: #000000;\">\u201cEl Ballet Nacional con su b\u00fasqueda de emociones, va hacia una marea de nuevos elementos pr\u00e1cticos en las artes esc\u00e9nicas, como la acrobacia corporal, el sentido de los movimientos y la dramaturgia de los montajes coreogr\u00e1ficos con contenidos propios y nacionales, en espera de proseguir los impulsos y deseos de un p\u00fablico joven, ameno y atractivo, con un gran sentido de integraci\u00f3n. Deseosos de fomentar cada vez m\u00e1s un arte gratuito y participativo para todos, disfrutando al aire libre, de la integraci\u00f3n del arte\u201d, explicaron los organizadores.<\/span><\/p>\r\n<p style=\"text-align: left;\"><span style=\"color: #000000;\"><strong>Programa:<\/strong><\/span><\/p>\r\n<p style=\"text-align: left;\"><span style=\"color: #000000;\">En Ballet Contempor\u00e1neo presentar\u00e1 fragmentos de \u201cLa \u00faltima letra\u201d, con coreograf\u00eda de Gloria Morel, Laura Cuevas y Hugo Rojas. La creaci\u00f3n de movimientos estuvo a cargo de los integrantes del Ballet Nacional del Paraguay, con direcci\u00f3n coreogr\u00e1fica de Wal Mayans\u00a0 y la m\u00fasica de Revolver, Forest Swords, Norma Ortega, F\u00e9lix P\u00e9rez Cardozo (en versi\u00f3n de Lim\u00f3n Sutil con Liza Bogado), entre otros.\u00a0 As\u00ed tambi\u00e9n se interpretar\u00e1n fragmentos de \u201cCallada quietud\u201d, con la\u00a0 m\u00fasica: \u201cCuando sale el sol\u201d, coreograf\u00eda e interpretaci\u00f3n de Laura Cuevas y Jos\u00e9 Mar\u00eda Villanueva, la direcci\u00f3n coreogr\u00e1fica de Wal Mayans. Tambi\u00e9n formar\u00e1 parte del programa, el fragmento \u201cA mitad del puente\u201d, con musicalizaci\u00f3n de \u201cHey you\u201d,\u00a0 coreograf\u00eda e interpretaci\u00f3n de Evelyn Soto y V\u00edctor Maldonado, la direcci\u00f3n coreogr\u00e1fica de Wal Mayans.<\/span><\/p>\r\n<p style=\"text-align: left;\"><span style=\"color: #000000;\">Por su parte, el Ballet Folcl\u00f3rico, en el segmento de \u201cParaguay en el recuerdo\u201d, interpretar\u00e1: \u201cAguateras\u201d, \u201cTamarakuna\u201d e \u201cIsla seca\u201d, con m\u00fasica de Almandaluz y coreograf\u00eda de Liliana Calderini. En el segmento de \u201cLa estaci\u00f3n\u201d, se podr\u00e1 apreciar \u201cChe Jazm\u00edn\u201d, con m\u00fasica de Los Ojeda,\u00a0 coreograf\u00eda de Sonia Gim\u00e9nez. As\u00ed tambi\u00e9n\u00a0 \u201cDanza del arriero\u201d, con\u00a0 m\u00fasica de Juan Cancio Barreto y coreograf\u00eda de Ruth Vallejos. En el segmento de \u201cMercado guaz\u00fa\u201d, interpretar\u00e1n una selecci\u00f3n de polcas: \u201cCarreta guy\u201d, \u201cTape puku\u201d, con m\u00fasica en vivo interpretada por la Banda Folcl\u00f3rica Nacional, con la coreograf\u00eda de Ruth Vallejos.<\/span><\/p>\r\n<p style=\"text-align: left;\"><span style=\"color: #000000;\">Por su parte, la Banda Folcl\u00f3rica interpretar\u00e1 \u201cAk\u00e2 juasa\u201d\u00a0 de Rogelio Cubilla, \u201cVy\u00b4a raity\u201d, de Herminio Gim\u00e9nez; \u201cCanto a Villa Florida\u201d, de Fructuoso Aguiar e Hilari\u00f3n Correa; y \u201cCholi\u201d, de Jos\u00e9 Asunci\u00f3n Flores. Participar\u00e1n, en calidad de bailarines invitados: Mat\u00edas Vallejos, Blas Qui\u00f1onez y Mario Qui\u00f1\u00f3nez.\u00a0<\/span><\/p>\r\n<p style=\"text-align: left;\"><span style=\"color: #000000;\">Fuente: Departamento de Prensa Centro Cultural de la Rep\u00fablica El Cabildo<\/span><\/p>","protected":false},"excerpt":{"rendered":"<p>Explanada del CCR El Cabildo. El Ballet Nacional\u00a0 del Paraguay, dependiente de la Secretar\u00eda Nacional de Cultura, con el apoyo del Centro Cultural de la Rep\u00fablica El Cabildo y la Fundaci\u00f3n Pro Ballet, presentar\u00e1 este s\u00e1bado 12 de diciembre las 20:00 horas, \u00a0un espect\u00e1culo que reunir\u00e1 a la Banda y el Ballet Folcl\u00f3rico Nacional, as\u00ed<\/p>\n<div class=\"read-more\"><a href=\"http:\/\/www.cid.com.py\/v1\/1495\" title=\"Read More\">Read More<\/a><\/div>\n","protected":false},"author":5,"featured_media":0,"comment_status":"open","ping_status":"open","sticky":false,"template":"","format":"standard","meta":{"footnotes":""},"categories":[12],"tags":[946,565,73,384,389],"class_list":{"0":"post-1495","1":"post","2":"type-post","3":"status-publish","4":"format-standard","6":"category-arte-y-espectaculos","7":"tag-ballet","8":"tag-cabildo","9":"tag-centro-cultural-de-la-republica-el-cabildo","10":"tag-danza","11":"tag-musica"},"_links":{"self":[{"href":"http:\/\/www.cid.com.py\/v1\/wp-json\/wp\/v2\/posts\/1495"}],"collection":[{"href":"http:\/\/www.cid.com.py\/v1\/wp-json\/wp\/v2\/posts"}],"about":[{"href":"http:\/\/www.cid.com.py\/v1\/wp-json\/wp\/v2\/types\/post"}],"author":[{"embeddable":true,"href":"http:\/\/www.cid.com.py\/v1\/wp-json\/wp\/v2\/users\/5"}],"replies":[{"embeddable":true,"href":"http:\/\/www.cid.com.py\/v1\/wp-json\/wp\/v2\/comments?post=1495"}],"version-history":[{"count":3,"href":"http:\/\/www.cid.com.py\/v1\/wp-json\/wp\/v2\/posts\/1495\/revisions"}],"predecessor-version":[{"id":1499,"href":"http:\/\/www.cid.com.py\/v1\/wp-json\/wp\/v2\/posts\/1495\/revisions\/1499"}],"wp:attachment":[{"href":"http:\/\/www.cid.com.py\/v1\/wp-json\/wp\/v2\/media?parent=1495"}],"wp:term":[{"taxonomy":"category","embeddable":true,"href":"http:\/\/www.cid.com.py\/v1\/wp-json\/wp\/v2\/categories?post=1495"},{"taxonomy":"post_tag","embeddable":true,"href":"http:\/\/www.cid.com.py\/v1\/wp-json\/wp\/v2\/tags?post=1495"}],"curies":[{"name":"wp","href":"https:\/\/api.w.org\/{rel}","templated":true}]}}