{"id":1922,"date":"2017-07-06T14:55:09","date_gmt":"2017-07-06T14:55:09","guid":{"rendered":"http:\/\/www.cid.com.py\/v1\/?p=1922"},"modified":"2017-07-06T14:55:09","modified_gmt":"2017-07-06T14:55:09","slug":"la-salita-roja","status":"publish","type":"post","link":"http:\/\/www.cid.com.py\/v1\/1922","title":{"rendered":"La salita roja"},"content":{"rendered":"<p style=\"text-align: left;\"><span style=\"color: #000000;\"><strong>Ma\u00f1ana viernes 7, a las 21:00 horas.\u00a0<\/strong><\/span><\/p>\r\n<p style=\"text-align: left;\"><span style=\"color: #000000;\"><a style=\"color: #000000;\" href=\"http:\/\/www.cid.com.py\/v1\/wp-content\/uploads\/2017\/07\/lanzamiento.jpg\"><img loading=\"lazy\" decoding=\"async\" class=\"alignleft size-thumbnail wp-image-1923\" src=\"http:\/\/www.cid.com.py\/v1\/wp-content\/uploads\/2017\/07\/lanzamiento-150x150.jpg\" alt=\"lanzamiento\" width=\"150\" height=\"150\" \/><\/a><\/span><\/p>\r\n<p style=\"text-align: left;\"><span style=\"color: #000000;\">La obra <strong>\u201cLA SALITA ROJA\u201d<\/strong> fue presentada ante representantes de los diversos medios de prensa, con la presencia de los actores, el director de la obra, directivos de Arlequ\u00edn Teatro y compa\u00f1eros actores. Un conocido lugar cobij\u00f3 muy gentilmente a toda esta gente en la noche en la se dimos a conocer lo que ser\u00e1 la tercera temporada del Arlequ\u00edn Teatro, como parte de los festejos de los 35 a\u00f1os. Los actores y el director hablaron sobre la obra, lo que significa trabajar en este proyecto e hicieron conocer a sus personajes.\u00a0<\/span><\/p>\r\n<p style=\"text-align: left;\"><span style=\"color: #000000;\"><strong>Sobre la obra:<\/strong><\/span>\r\n<span style=\"color: #000000;\">\u201cUn grupo de esmerados padres se re\u00fanen mensualmente en el Jard\u00edn de Infantes de sus hijos para definir cada detalle que involucra a sus hijos. Generan sus propias reglas y las defienden con pasi\u00f3n. Todo funciona en un estricto orden, y bajo una clara autoridad. Sin embargo un peque\u00f1o retraso que tiene la directora, convocada tambi\u00e9n a la reuni\u00f3n, desvirt\u00faa el habitual funcionamiento; a partir de ello se generan conflictos nunca antes revelados, tanto de los hijos como de los padres\u201d.<\/span><\/p>\r\n<p style=\"text-align: left;\"><span style=\"color: #000000;\">Esta divertida pieza de Victoria Hladilo, habla sobre lo que puede hacer un padre que cree que esta haciendo lo mejor para su hijo, pero que en realidad esta pensando en el, en el adulto que es, en la contienda que tiene con sus pares. El resultado es desopilante e inquietante a la vez.<\/span><\/p>\r\n<p style=\"text-align: left;\"><span style=\"color: #000000;\">Es un fidedigno retrato de la clase media, desnudada en su complejidad y su desatino, que va llevando al espectador de la calma al caos con perturbadora naturalidad. El publico se divierte, pero tambi\u00e9n se refleja por la sutileza y la contundencia con la que la autora desnuda las miserias de este pu\u00f1ado de personajes.<\/span><\/p>\r\n<p style=\"text-align: left;\"><span style=\"color: #000000;\"><strong>Elenco:<\/strong> Hern\u00e1n Melgarejo, Andrea Quattrocchi, Antonella Zald\u00edvar, Natalia C\u00e1lcena, Joaqu\u00edn D\u00edaz Sacco y Diana Frutos.<\/span><\/p>\r\n<p style=\"text-align: left;\"><span style=\"color: #000000;\"><strong>Direcci\u00f3n:<\/strong> Jorge B\u00e1ez\u00a0<\/span>\r\n<span style=\"color: #000000;\">\u00a0<\/span>\r\n<span style=\"color: #000000;\"><strong>Ficha T\u00e9cnica:<\/strong><\/span>\r\n<span style=\"color: #000000;\">Asistente de Direcci\u00f3n: Rita Ortiz<\/span>\r\n<span style=\"color: #000000;\">Escenograf\u00eda y Utiler\u00eda: Jos\u00e9 Lu\u00eds Ardissone<\/span>\r\n<span style=\"color: #000000;\">Vestuarista: Alejandra Ardissone<\/span>\r\n<span style=\"color: #000000;\">Montaje Escenograf\u00eda: Carlos Vera \u2013 Pedro Gomez<\/span>\r\n<span style=\"color: #000000;\">Dise\u00f1o de Luces: Jose Luis Ardissone<\/span>\r\n<span style=\"color: #000000;\">Fotograf\u00eda Fija Campa\u00f1a: Artemio Rojas<\/span>\r\n<span style=\"color: #000000;\">Dise\u00f1o y Gr\u00e1fica: Mat\u00edas Mart\u00ednez<\/span>\r\n<span style=\"color: #000000;\">Realizaci\u00f3n Audiovisual: Esteban Chica<\/span>\r\n<span style=\"color: #000000;\">Redes Sociales: Arlequ\u00edn Teatro \u00a0<\/span>\r\n<span style=\"color: #000000;\">Producci\u00f3n Ejecutiva: Leti Fleitas\u00a0<\/span>\r\n<span style=\"color: #000000;\">Producci\u00f3n General: Arlequ\u00edn Teatro<\/span><\/p>\r\n<p style=\"text-align: left;\"><span style=\"color: #000000;\"><strong>Funciones:\u00a0<\/strong>Viernes y S\u00e1bados a las 21 hs \/ Domingos a las 20 hs<\/span>\r\n<span style=\"color: #000000;\"><strong>Local:<\/strong>\u00a0Arlequ\u00edn Teatro &#8211; \u00a0Antequera 1061 entre Rca. de Colombia y Tte. Fari\u00f1a<\/span><\/p>\r\n<p style=\"text-align: left;\"><span style=\"color: #000000;\">Fuente:\u00a0Alejandra Ardissone: 0976939139<\/span><\/p>","protected":false},"excerpt":{"rendered":"<p>Ma\u00f1ana viernes 7, a las 21:00 horas.\u00a0 La obra \u201cLA SALITA ROJA\u201d fue presentada ante representantes de los diversos medios de prensa, con la presencia de los actores, el director de la obra, directivos de Arlequ\u00edn Teatro y compa\u00f1eros actores. Un conocido lugar cobij\u00f3 muy gentilmente a toda esta gente en la noche en la<\/p>\n<div class=\"read-more\"><a href=\"http:\/\/www.cid.com.py\/v1\/1922\" title=\"Read More\">Read More<\/a><\/div>\n","protected":false},"author":5,"featured_media":1923,"comment_status":"open","ping_status":"open","sticky":false,"template":"","format":"standard","meta":{"footnotes":""},"categories":[12],"tags":[24,1148,1272,570],"class_list":{"0":"post-1922","1":"post","2":"type-post","3":"status-publish","4":"format-standard","5":"has-post-thumbnail","7":"category-arte-y-espectaculos","8":"tag-arlequin","9":"tag-estreno","10":"tag-la-salita-roja","11":"tag-teatro"},"_links":{"self":[{"href":"http:\/\/www.cid.com.py\/v1\/wp-json\/wp\/v2\/posts\/1922"}],"collection":[{"href":"http:\/\/www.cid.com.py\/v1\/wp-json\/wp\/v2\/posts"}],"about":[{"href":"http:\/\/www.cid.com.py\/v1\/wp-json\/wp\/v2\/types\/post"}],"author":[{"embeddable":true,"href":"http:\/\/www.cid.com.py\/v1\/wp-json\/wp\/v2\/users\/5"}],"replies":[{"embeddable":true,"href":"http:\/\/www.cid.com.py\/v1\/wp-json\/wp\/v2\/comments?post=1922"}],"version-history":[{"count":1,"href":"http:\/\/www.cid.com.py\/v1\/wp-json\/wp\/v2\/posts\/1922\/revisions"}],"predecessor-version":[{"id":1924,"href":"http:\/\/www.cid.com.py\/v1\/wp-json\/wp\/v2\/posts\/1922\/revisions\/1924"}],"wp:featuredmedia":[{"embeddable":true,"href":"http:\/\/www.cid.com.py\/v1\/wp-json\/wp\/v2\/media\/1923"}],"wp:attachment":[{"href":"http:\/\/www.cid.com.py\/v1\/wp-json\/wp\/v2\/media?parent=1922"}],"wp:term":[{"taxonomy":"category","embeddable":true,"href":"http:\/\/www.cid.com.py\/v1\/wp-json\/wp\/v2\/categories?post=1922"},{"taxonomy":"post_tag","embeddable":true,"href":"http:\/\/www.cid.com.py\/v1\/wp-json\/wp\/v2\/tags?post=1922"}],"curies":[{"name":"wp","href":"https:\/\/api.w.org\/{rel}","templated":true}]}}