{"id":2157,"date":"2018-06-18T19:05:08","date_gmt":"2018-06-18T19:05:08","guid":{"rendered":"http:\/\/www.cid.com.py\/v1\/?p=2157"},"modified":"2018-06-18T19:05:08","modified_gmt":"2018-06-18T19:05:08","slug":"oscar-presentacion-de-libro","status":"publish","type":"post","link":"http:\/\/www.cid.com.py\/v1\/2157","title":{"rendered":"\u00abOscar\u00bb, presentaci\u00f3n de libro"},"content":{"rendered":"<p style=\"text-align: left;\"><span style=\"color: #000000;\"><strong>Evento intelectual del a\u00f1o.<\/strong><\/span><\/p>\r\n<p style=\"text-align: left;\"><a href=\"http:\/\/www.cid.com.py\/v1\/wp-content\/uploads\/2018\/06\/JORGE-MENDEZ-Y-SRA-GRACIELA-TRINIDAD.jpg\"><img loading=\"lazy\" decoding=\"async\" class=\"alignleft size-thumbnail wp-image-2159\" src=\"http:\/\/www.cid.com.py\/v1\/wp-content\/uploads\/2018\/06\/JORGE-MENDEZ-Y-SRA-GRACIELA-TRINIDAD-150x150.jpg\" alt=\"JORGE MENDEZ Y SRA GRACIELA TRINIDAD\" width=\"150\" height=\"150\" \/><\/a><\/p>\r\n<p style=\"text-align: left;\"><span style=\"color: #000000;\">El escritor uruguayo Jorge F. M\u00e9ndez, hace honor a la obra y legado del \u00a0Dr. Oscar Trinidad por medio de una biograf\u00eda novelada. Con motivo de la presentaci\u00f3n del libro \u201cOSCAR\u201d, el Ministro de la Secretar\u00eda Nacional de Cultura, Dr. Fernando Griffith y la hija del cr\u00edtico de arte, la Sra. Graciela Trinidad de Medal; invitan a celebrar la cultura y la intelectualidad, el <strong>d\u00eda 21 de junio <\/strong>desde<strong> las 19:00 horas<\/strong>\u00a0en el Museo de Bellas Artes (Mariscal L\u00f3pez entre Curupayty y Pa\u2019i P\u00e9rez).\u00a0<\/span><\/p>\r\n<p style=\"text-align: left;\"><span style=\"color: #000000;\">Dos \u201cviejos\u201d amigos se encuentran despu\u00e9s de muchos a\u00f1os a tomar el t\u00e9. Entre an\u00e9cdota y an\u00e9cdota van develando el misterio, que se esconde detr\u00e1s de una gran personalidad muy influyente para el pa\u00eds. Pero el descubrimiento va mucho m\u00e1s all\u00e1 de ello, transformando a los protagonistas. \u201cOscar\u201d, es una biograf\u00eda novelada que atrapa de principio a fin, e invita al lector a ser c\u00f3mplice de la historia.<\/span><\/p>\r\n<p style=\"text-align: left;\"><span style=\"color: #000000;\">De Oscar Trinidad: fue uno de los intelectuales m\u00e1s importantes del pa\u00eds.\u00a0 Abogado, mago, cr\u00edtico de arte y escritor entre muchas otros roles que ocup\u00f3 en la d\u00e9cada del \u201860 \u2013 70, falleci\u00f3 a los 38 a\u00f1os.\u00a0 Cre\u00f3 la primera Galer\u00eda de Arte del pa\u00eds; Galer\u00eda Tayi y el primer cine club: Cine Club Tayi, as\u00ed como fue tambi\u00e9n el fundador de la Cinemateca Paraguaya. All\u00ed se proyectaban pel\u00edculas de culto, de grandes directores como Bergman, Kubrik, Polansky, Pasolini, entre otros y luego se debat\u00edan las mismas, inspirando a los espectadores a pensar las pel\u00edculas y de esa forma a reflexionar la propia vida.\u00a0<\/span><\/p>\r\n<p style=\"text-align: left;\"><span style=\"color: #000000;\">El tambi\u00e9n fallecido Ugo Gonz\u00e1lez Frutos, se refiri\u00f3 a \u00d3scar Trinidad en su oportunidad, de la siguiente manera: \u201c\u00d3scar Trinidad es el tipo de gente que hace falta en todo tiempo. Creo que nuestra cultura hubiese sido ligeramente diferente.\u00a0<\/span><\/p>\r\n<p style=\"text-align: left;\"><span style=\"color: #000000;\">Desde 1986, durante veintitr\u00e9s a\u00f1os el \u201cPremio \u00d3scar Trinidad\u201d en honor a su maestro. Entre los que obtuvieron dicha distinci\u00f3n el primero en obtenerla fue su gran amigo Osvaldo Gonz\u00e1lez Real, para m\u00e1s tarde, figurar artistas de la talla de: Livio Abramo (Artes Pl\u00e1sticas), Jorge Castro (M\u00fasica), Hermann Guggiari (Artes Pl\u00e1sticas), Jos\u00e9 Antonio Moreno Ruffinelli (Lengua Espa\u00f1ola), Mirian Sienra (Teatro), Jos\u00e9 Luis Ardissone (Teatro) y Margarita Morselli (la \u00faltima en recibir el galard\u00f3n), entre otros.\u00a0 En este evento tambi\u00e9n &#8211; y luego de varios a\u00f1os &#8211; se reinstaurar\u00e1 por resoluci\u00f3n ministerial, el \u201cPremio Oscar Trinidad\u201d, para seguir reconociendo a los artistas del pa\u00eds.<\/span><\/p>\r\n<p style=\"text-align: left;\"><span style=\"color: #000000;\">Del autor: Lic. Jorge F. M\u00e9ndez es uruguayo. Licenciado en Administraci\u00f3n de Empresas. Ha estudiado tambi\u00e9n, las carreras de Psicolog\u00eda, Filosof\u00eda y Lat\u00edn. Diplomado en el Programa de Desarrollo y Entrenamiento Empresarial, seg\u00fan modelo de Naciones Unidas y en el Programa de Negociaci\u00f3n, del modelo de la Universidad de Harvard. Escritor. Investigador del Comportamiento Humano. Conferencista internacional.\u00a0 Coach y Asesor Ejecutivo, Pol\u00edtico y de Vida Sana. Condecorado en Santiago \u2013Chile, por la Academia de Artes y Letras de Brasil, con la medalla \u201cPablo Neruda\u201d; en Belo Horizonte \u2013 Brasil, nombrado \u201cGran Embajador de la Academia de Artes, Letras y Cultura\u201d; en Caminha \u2013 Portugal, por el N\u00facleo de Artes y Letras, por \u201cHonra y M\u00e9rito a la cultura mundial\u201d; y en Par\u00eds &#8211; Francia, por la Divina Academia de Artes, Letras y Cultura, con la distinci\u00f3n de \u201cHonor a Hombres de Valor\u201d.\u00a0<\/span><\/p>\r\n<p style=\"text-align: left;\"><span style=\"color: #000000;\">El libro Oscar, est\u00e1 Declarado de Inter\u00e9s Cultural por la Secretar\u00eda Nacional de Cultura.<\/span><\/p>\r\n<p style=\"text-align: left;\"><span style=\"color: #000000;\">Programa de la presentaci\u00f3n del libro: \u201cOscar\u201d<\/span><\/p>\r\n<p style=\"text-align: left;\"><span style=\"color: #000000;\">\u2022\u00a0 \u00a0 \u00a0 \u00a0Recepci\u00f3n de Invitados. Proyecci\u00f3n en espera de audiovisual de la historia del Cine.<\/span>\r\n<span style=\"color: #000000;\">\u2022\u00a0 \u00a0 \u00a0 \u00a0Palabras de Bienvenida<\/span>\r\n<span style=\"color: #000000;\">\u2022\u00a0 \u00a0 \u00a0 \u00a0Presentaci\u00f3n Camerata de la Orquesta Sinf\u00f3nica Nacional (Primera parte)<\/span>\r\n<span style=\"color: #000000;\">\u2022\u00a0 \u00a0 \u00a0 \u00a0Entrega de placa recordatoria a Mar\u00eda Elena Casco de Trinidad<\/span>\r\n<span style=\"color: #000000;\">\u2022\u00a0 \u00a0 \u00a0 \u00a0Lectura de la Resoluci\u00f3n de la Reinstauraci\u00f3n del Premio \u00d3scar Trinidad<\/span>\r\n<span style=\"color: #000000;\">\u2022\u00a0 \u00a0 \u00a0 \u00a0Palabras del Sr. Osvaldo Gonz\u00e1lez Real<\/span>\r\n<span style=\"color: #000000;\">\u2022\u00a0 \u00a0 \u00a0 \u00a0Palabras de la Sra. Graciela Trinidad de Medal<\/span>\r\n<span style=\"color: #000000;\">\u2022\u00a0 \u00a0 \u00a0 \u00a0Presentaci\u00f3n Camerata de la Orquesta Sinf\u00f3nica Nacional (Segunda parte)<\/span>\r\n<span style=\"color: #000000;\">\u2022\u00a0 \u00a0 \u00a0 \u00a0Presentaci\u00f3n del libro a cargo del Ministro de Cultura, Dr. Fernando Griffith\u00a0<\/span>\r\n<span style=\"color: #000000;\">\u2022\u00a0 \u00a0 \u00a0 \u00a0Palabras del autor<\/span>\r\n<span style=\"color: #000000;\">\u2022\u00a0 \u00a0 \u00a0 \u00a0C\u00f3ctel de Honor<\/span><\/p>\r\n<p style=\"text-align: left;\"><span style=\"color: #000000;\">\u00a0Fuente: Lic. Ada Liz Chaparro Samaniego<\/span><\/p>","protected":false},"excerpt":{"rendered":"<p>Evento intelectual del a\u00f1o. El escritor uruguayo Jorge F. M\u00e9ndez, hace honor a la obra y legado del \u00a0Dr. Oscar Trinidad por medio de una biograf\u00eda novelada. Con motivo de la presentaci\u00f3n del libro \u201cOSCAR\u201d, el Ministro de la Secretar\u00eda Nacional de Cultura, Dr. Fernando Griffith y la hija del cr\u00edtico de arte, la Sra.<\/p>\n<div class=\"read-more\"><a href=\"http:\/\/www.cid.com.py\/v1\/2157\" title=\"Read More\">Read More<\/a><\/div>\n","protected":false},"author":5,"featured_media":2159,"comment_status":"open","ping_status":"open","sticky":false,"template":"","format":"standard","meta":{"footnotes":""},"categories":[12],"tags":[59,1400,70,1398,1399,1106,126],"class_list":{"0":"post-2157","1":"post","2":"type-post","3":"status-publish","4":"format-standard","5":"has-post-thumbnail","7":"category-arte-y-espectaculos","8":"tag-cultura","9":"tag-jorge-f-mendez","10":"tag-libro","11":"tag-oscar","12":"tag-oscar-trinidad","13":"tag-presentacion","14":"tag-snc"},"_links":{"self":[{"href":"http:\/\/www.cid.com.py\/v1\/wp-json\/wp\/v2\/posts\/2157"}],"collection":[{"href":"http:\/\/www.cid.com.py\/v1\/wp-json\/wp\/v2\/posts"}],"about":[{"href":"http:\/\/www.cid.com.py\/v1\/wp-json\/wp\/v2\/types\/post"}],"author":[{"embeddable":true,"href":"http:\/\/www.cid.com.py\/v1\/wp-json\/wp\/v2\/users\/5"}],"replies":[{"embeddable":true,"href":"http:\/\/www.cid.com.py\/v1\/wp-json\/wp\/v2\/comments?post=2157"}],"version-history":[{"count":1,"href":"http:\/\/www.cid.com.py\/v1\/wp-json\/wp\/v2\/posts\/2157\/revisions"}],"predecessor-version":[{"id":2160,"href":"http:\/\/www.cid.com.py\/v1\/wp-json\/wp\/v2\/posts\/2157\/revisions\/2160"}],"wp:featuredmedia":[{"embeddable":true,"href":"http:\/\/www.cid.com.py\/v1\/wp-json\/wp\/v2\/media\/2159"}],"wp:attachment":[{"href":"http:\/\/www.cid.com.py\/v1\/wp-json\/wp\/v2\/media?parent=2157"}],"wp:term":[{"taxonomy":"category","embeddable":true,"href":"http:\/\/www.cid.com.py\/v1\/wp-json\/wp\/v2\/categories?post=2157"},{"taxonomy":"post_tag","embeddable":true,"href":"http:\/\/www.cid.com.py\/v1\/wp-json\/wp\/v2\/tags?post=2157"}],"curies":[{"name":"wp","href":"https:\/\/api.w.org\/{rel}","templated":true}]}}