{"id":2256,"date":"2018-10-21T02:44:55","date_gmt":"2018-10-21T02:44:55","guid":{"rendered":"http:\/\/www.cid.com.py\/v1\/?p=2256"},"modified":"2018-10-21T18:40:20","modified_gmt":"2018-10-21T18:40:20","slug":"sal-tierra-y-libros","status":"publish","type":"post","link":"http:\/\/www.cid.com.py\/v1\/2256","title":{"rendered":"Sal, tierra y libros"},"content":{"rendered":"<p style=\"text-align: left;\"><span style=\"color: #000000;\"><strong>CINEMARTE.<\/strong><\/span><\/p>\r\n<p style=\"text-align: left;\"><img loading=\"lazy\" decoding=\"async\" class=\"size-thumbnail wp-image-2245\" src=\"http:\/\/www.cid.com.py\/v1\/wp-content\/uploads\/2018\/10\/4df7d150-3e59-4a01-a49a-23fa6c60d5b2-150x150.jpg\" alt=\"4df7d150-3e59-4a01-a49a-23fa6c60d5b2\" width=\"150\" height=\"150\" \/><\/p>\r\n<p style=\"text-align: left;\"><span style=\"color: #000000;\">Es el nuevo espacio para una oferta constante de cine de autor, de calidad y de diversidad internacional en la cartelera de cine en la capital, con la misma curadur\u00eda que ha distinguido y ha mantenido el Festival a lo largo de sus a\u00f1os. <\/span>\r\n<span style=\"color: #000000;\">El pasado lunes 1 de Octubre, en el Acto de Premiaci\u00f3n del 27\u00ba Festival Internacional de Cine -Arte y Cultura- Paraguay 2018, fue dada a conocer esta nueva modalidad de programaci\u00f3n llamada CINEMARTE:<\/span>\r\n<span style=\"color: #000000;\">Para seguir amando el cine: Los Martes<\/span>\r\n<span style=\"color: #000000;\">La programaci\u00f3n diferente: Los Martes<\/span>\r\n<span style=\"color: #000000;\">Cine Arte: Los Martes<\/span>\r\n<span style=\"color: #000000;\">CinemArte: Las emociones de un cine distinto<\/span>\r\n<span style=\"color: #000000;\">Todos los martes<\/span><\/p>\r\n<p style=\"text-align: left;\"><span style=\"color: #000000;\">\u00a0<\/span>\r\n<span style=\"color: #000000;\">LA PROGRAMACI\u00d3N DEL MARTES 23 DE OCTUBRE<\/span>\r\n<span style=\"color: #000000;\">Para delicia de los amantes del cine, CINEMARTE anuncia la exhibici\u00f3n a las 20 hrs. de LA SAL DE LA TIERRA (The Salt of the Earth) de Wim Wenders y Juliano Salgado; y a las 22:15 hrs. LA LIBRER\u00cdA (The Bookshop, 2017) de Isabel Coixet, estrenada el\u00a0<\/span>Martes pasado.<\/p>\r\n<p style=\"text-align: left;\"><a href=\"http:\/\/www.cid.com.py\/v1\/wp-content\/uploads\/2018\/10\/1f6d507f-d63b-43f1-88c3-dec87b3b0fba.jpg\"><img loading=\"lazy\" decoding=\"async\" class=\"size-thumbnail wp-image-2263\" src=\"http:\/\/www.cid.com.py\/v1\/wp-content\/uploads\/2018\/10\/1f6d507f-d63b-43f1-88c3-dec87b3b0fba-150x150.jpg\" alt=\"1f6d507f-d63b-43f1-88c3-dec87b3b0fba\" width=\"150\" height=\"150\" srcset=\"http:\/\/www.cid.com.py\/v1\/wp-content\/uploads\/2018\/10\/1f6d507f-d63b-43f1-88c3-dec87b3b0fba-150x150.jpg 150w, http:\/\/www.cid.com.py\/v1\/wp-content\/uploads\/2018\/10\/1f6d507f-d63b-43f1-88c3-dec87b3b0fba-300x300.jpg 300w, http:\/\/www.cid.com.py\/v1\/wp-content\/uploads\/2018\/10\/1f6d507f-d63b-43f1-88c3-dec87b3b0fba-1024x1024.jpg 1024w, http:\/\/www.cid.com.py\/v1\/wp-content\/uploads\/2018\/10\/1f6d507f-d63b-43f1-88c3-dec87b3b0fba.jpg 1279w\" sizes=\"(max-width: 150px) 100vw, 150px\" \/><\/a><\/p>\r\n<p style=\"text-align: left;\"><span style=\"color: #000000;\">LA SAL DE LA TIERRA(The Salt of the Earth) Recomendado para Mayores 12 a\u00f1os\u00a0\u00a0\u00a0\u00a0\u00a0\u00a0\u00a0\u00a0\u00a0\u00a0\u00a0\u00a0\u00a0\u00a0\u00a0 \u00a0 <\/span>\r\n<span style=\"color: #000000;\">Francia \/ Brasil \/ Italia 2014 \u2013 Blanco y Negro y Colores \u2013 110 min.<\/span>\r\n<span style=\"color: #000000;\">Direcci\u00f3n y Gui\u00f3n: Wim Wenders y Juliano Ribeiro Salgado, narrado por Wim Wenders<\/span>\r\n<span style=\"color: #000000;\">Premio Especial del Jurado Un Certain Regard en el Festival de Cannes 2014; Premio C\u00e9sar de la Academia de Cine de Francia Mejor Documental; Premio del P\u00fablico en el Festival de San Sebasti\u00e1n, de Dublin y de Abu Dhabi; Premio Platino 2015 Mejor Documental Largometraje; Nominada al Oscar Mejor Documental Largometraje 2015; entre otros.<\/span><\/p>\r\n<p style=\"text-align: left;\"><span style=\"color: #000000;\">\u00a0<\/span>\r\n<span style=\"color: #000000;\">Un placer para los ojos, los o\u00eddos, el coraz\u00f3n, la mente y el alma. En la vor\u00e1gine de belleza, sentimientos y pensamientos, este magn\u00edfico documental es finalmente un conmovedor retrato del planeta Tierra, un legado de amor al Hombre y la Naturaleza.<\/span>\r\n<span style=\"color: #000000;\">S\u00f3lo en una sala de cine se puede captar la dimensi\u00f3n de esta obra del cineasta alem\u00e1n, una lecci\u00f3n audiovisual deslumbrante sobre nuestro planeta y nuestra existencia. Un viaje emocional y reflexivo por la vida y obra de Sebasti\u00e3o Salgado, un economista que entreg\u00f3 un d\u00eda su vida a la fotograf\u00eda, para convertirse en el m\u00e1s importante fot\u00f3grafo de nuestro tiempo. En sus viajes por 5 continentes durante 40 a\u00f1os, Salgado ha cazado con su c\u00e1mara testimonios de la condici\u00f3n humana y de un mundo bello, cruel y fascinante. El relato nos lleva a sus impresionantes im\u00e1genes en blanco y negro \u2013captadas con su particular maestr\u00eda para equilibrar la forma y el contenido\u2013, a su vida familiar y afectiva, a sus pensamientos, hasta el imponente emprendimiento del Instituto Terra en su suelo natal. Imperdible cita para fot\u00f3grafos, profesionales, docentes y estudiantes de artes visuales. \u00a0 \u00a0<\/span><\/p>\r\n<p style=\"text-align: left;\"><span style=\"color: #000000;\">LA LIBRER\u00cdA(The bookshop) Apto para Todo P\u00fablico<\/span>\r\n<span style=\"color: #000000;\">Espa\u00f1a \/ Inglaterra \/ Alemania 2017 \u2013 Color 113 min.<\/span>\r\n<span style=\"color: #000000;\">Direcci\u00f3n y gui\u00f3n: Isabel Coixet, Basado en la novela de Pen\u00e9lope Fitzgerald<\/span>\r\n<span style=\"color: #000000;\">Con: Emily Mortimer, Patricia Clarkson, Bill Nighy y otros.<\/span>\r\n<span style=\"color: #000000;\">Premios Goya 2018 a la Mejor Pel\u00edcula, Direcci\u00f3n y Gui\u00f3n Adaptado; entre otros.<\/span>\r\n<span style=\"color: #000000;\"><a href=\"http:\/\/www.cid.com.py\/v1\/wp-content\/uploads\/2018\/10\/00249b0d-6c9b-4d7e-a6d9-e0f6af86c987.jpg\"><img loading=\"lazy\" decoding=\"async\" class=\"aligncenter size-thumbnail wp-image-2246\" src=\"http:\/\/www.cid.com.py\/v1\/wp-content\/uploads\/2018\/10\/00249b0d-6c9b-4d7e-a6d9-e0f6af86c987-150x150.jpg\" alt=\"00249b0d-6c9b-4d7e-a6d9-e0f6af86c987\" width=\"150\" height=\"150\" srcset=\"http:\/\/www.cid.com.py\/v1\/wp-content\/uploads\/2018\/10\/00249b0d-6c9b-4d7e-a6d9-e0f6af86c987-150x150.jpg 150w, http:\/\/www.cid.com.py\/v1\/wp-content\/uploads\/2018\/10\/00249b0d-6c9b-4d7e-a6d9-e0f6af86c987-300x300.jpg 300w, http:\/\/www.cid.com.py\/v1\/wp-content\/uploads\/2018\/10\/00249b0d-6c9b-4d7e-a6d9-e0f6af86c987-1024x1024.jpg 1024w, http:\/\/www.cid.com.py\/v1\/wp-content\/uploads\/2018\/10\/00249b0d-6c9b-4d7e-a6d9-e0f6af86c987.jpg 1279w\" sizes=\"(max-width: 150px) 100vw, 150px\" \/><\/a>\u00a0<\/span>\r\n<span style=\"color: #000000;\">Un \u00e9xito de taquilla en Europa y Latinoam\u00e9rica, es la \u00faltima pel\u00edcula de la cineasta espa\u00f1ola Isabel Coixet, dada a conocer en Asunci\u00f3n por el Festival Internacional de Cine que present\u00f3 Mi vida sin m\u00ed(2003) y La vida secreta de las palabras(2005). <\/span><\/p>\r\n<p style=\"text-align: left;\"><span style=\"color: #000000;\">\u00a0<\/span>\r\n<span style=\"color: #000000;\">Florence es una joven viuda que llega de Londres con la intenci\u00f3n abrir la \u00fanica librer\u00eda en una peque\u00f1a localidad costera de Inglaterra a mitad del siglo XX, pero descubre que a su encomiable proyecto se opone la sociedad ultraconservadora del lugar. La principal oponente es una arist\u00f3crata que no tolera a una extranjera dedic\u00e1ndose a la promoci\u00f3n cultural en \u201csu\u201d feudo. As\u00ed se produce un emocionante duelo entre dos caracteres femeninos: la arrogante y poderosa se\u00f1ora Gamart contra la humilde y solitaria Florence. <\/span><\/p>\r\n<p style=\"text-align: left;\"><span style=\"color: #000000;\">\u00a0<\/span>\r\n<span style=\"color: #000000;\">Los temas de la opresi\u00f3n y la mezquindad, ese implacable ejemplo de miseria moral, se potencian en el paisaje natural abierto al mar, agreste y ventoso, que rodea a un pueblo encerrado en s\u00ed mismo, donde la protagonista se sentir\u00e1 enclaustrada y oprimida, aunque finalmente vea una puerta abierta a la esperanza.<\/span><\/p>\r\n<p style=\"text-align: left;\"><span style=\"color: #000000;\">\u00a0<\/span>\r\n<span style=\"color: #000000;\">La fotograf\u00eda, la direcci\u00f3n de arte y las espl\u00e9ndidas interpretaciones suman para convertir a esta pel\u00edcula en una emocionante oda sobre el coraje de luchar por los sue\u00f1os, sobre la necesidad de ser fieles a uno mismo \u2013a pesar de las adversidades\u2013 \u00a0y en un homenaje a los libros, al deleite que ofrecen, al conocimiento y la imaginaci\u00f3n que trasmiten.\u00a0 <\/span><\/p>\r\n<p style=\"text-align: left;\"><span style=\"color: #000000;\">\u00a0<\/span>\r\n<span style=\"color: #000000;\">Fuente: informaciones y la programaci\u00f3n en @cinefestpy y contacto@cinefestpy.org<\/span><\/p>","protected":false},"excerpt":{"rendered":"<p>CINEMARTE. Es el nuevo espacio para una oferta constante de cine de autor, de calidad y de diversidad internacional en la cartelera de cine en la capital, con la misma curadur\u00eda que ha distinguido y ha mantenido el Festival a lo largo de sus a\u00f1os. El pasado lunes 1 de Octubre, en el Acto de<\/p>\n<div class=\"read-more\"><a href=\"http:\/\/www.cid.com.py\/v1\/2256\" title=\"Read More\">Read More<\/a><\/div>\n","protected":false},"author":5,"featured_media":2263,"comment_status":"open","ping_status":"open","sticky":false,"template":"","format":"standard","meta":{"footnotes":""},"categories":[12],"tags":[762,379,1442,1443,1441,1435,381],"class_list":{"0":"post-2256","1":"post","2":"type-post","3":"status-publish","4":"format-standard","5":"has-post-thumbnail","7":"category-arte-y-espectaculos","8":"tag-arte","9":"tag-cine","10":"tag-cinefestpy","11":"tag-cinemarte","12":"tag-estrenos","13":"tag-martes","14":"tag-pelicula"},"_links":{"self":[{"href":"http:\/\/www.cid.com.py\/v1\/wp-json\/wp\/v2\/posts\/2256"}],"collection":[{"href":"http:\/\/www.cid.com.py\/v1\/wp-json\/wp\/v2\/posts"}],"about":[{"href":"http:\/\/www.cid.com.py\/v1\/wp-json\/wp\/v2\/types\/post"}],"author":[{"embeddable":true,"href":"http:\/\/www.cid.com.py\/v1\/wp-json\/wp\/v2\/users\/5"}],"replies":[{"embeddable":true,"href":"http:\/\/www.cid.com.py\/v1\/wp-json\/wp\/v2\/comments?post=2256"}],"version-history":[{"count":7,"href":"http:\/\/www.cid.com.py\/v1\/wp-json\/wp\/v2\/posts\/2256\/revisions"}],"predecessor-version":[{"id":2264,"href":"http:\/\/www.cid.com.py\/v1\/wp-json\/wp\/v2\/posts\/2256\/revisions\/2264"}],"wp:featuredmedia":[{"embeddable":true,"href":"http:\/\/www.cid.com.py\/v1\/wp-json\/wp\/v2\/media\/2263"}],"wp:attachment":[{"href":"http:\/\/www.cid.com.py\/v1\/wp-json\/wp\/v2\/media?parent=2256"}],"wp:term":[{"taxonomy":"category","embeddable":true,"href":"http:\/\/www.cid.com.py\/v1\/wp-json\/wp\/v2\/categories?post=2256"},{"taxonomy":"post_tag","embeddable":true,"href":"http:\/\/www.cid.com.py\/v1\/wp-json\/wp\/v2\/tags?post=2256"}],"curies":[{"name":"wp","href":"https:\/\/api.w.org\/{rel}","templated":true}]}}