{"id":2266,"date":"2018-10-27T22:14:29","date_gmt":"2018-10-27T22:14:29","guid":{"rendered":"http:\/\/www.cid.com.py\/v1\/?p=2266"},"modified":"2018-10-27T22:15:28","modified_gmt":"2018-10-27T22:15:28","slug":"pausa-de-un-exitoso-ciclo","status":"publish","type":"post","link":"http:\/\/www.cid.com.py\/v1\/2266","title":{"rendered":"Pausa de un exitoso ciclo"},"content":{"rendered":"<p style=\"text-align: left;\"><strong><span style=\"color: #000000;\">\u00daLTIMO CINEMARTE DEL A\u00d1O EN CINEMARK.<\/span><\/strong><\/p>\r\n<p style=\"text-align: left;\"><span style=\"color: #000000;\"><a href=\"http:\/\/www.cid.com.py\/v1\/wp-content\/uploads\/2018\/10\/4df7d150-3e59-4a01-a49a-23fa6c60d5b2.jpg\"><img loading=\"lazy\" decoding=\"async\" class=\"size-thumbnail wp-image-2245 alignleft\" src=\"http:\/\/www.cid.com.py\/v1\/wp-content\/uploads\/2018\/10\/4df7d150-3e59-4a01-a49a-23fa6c60d5b2-150x150.jpg\" alt=\"4df7d150-3e59-4a01-a49a-23fa6c60d5b2\" width=\"150\" height=\"150\" \/><\/a>\u00a0<\/span><\/p>\r\n<p style=\"text-align: left;\"><span style=\"color: #000000;\">El espacio CINEMARTE, que se deb\u00eda convertir en una nueva programaci\u00f3n constante de cine de autor, de calidad y de diversidad internacional en la cartelera de cine en la capital, llega a su terminaci\u00f3n por lo que resta del a\u00f1o por una decisi\u00f3n de Cinemark.<\/span><\/p>\r\n<p style=\"text-align: left;\"><span style=\"color: #000000;\">\u00a0<\/span><\/p>\r\n<p style=\"text-align: left;\"><span style=\"color: #000000;\">Al cuarto martes de encuentro con el cine arte y de autor, se anuncia que CINEMARTE llega al final de una primera etapa. Aunque el proyecto inicial establecido no fue \u00e9ste, ha servido como una etapa piloto que trajo consigo la aplaudida reprise de algunas pel\u00edculas del pasado 27\u00ba Festival Internacional de Cine del Paraguay y el exitoso estreno del filme LA LIBRER\u00cdA, que se exhibir\u00e1 por \u00faltima vez el martes 30 a las 20 hrs.<\/span><\/p>\r\n<p style=\"text-align: left;\"><span style=\"color: #000000;\">\u00a0<\/span><\/p>\r\n<p style=\"text-align: left;\"><span style=\"color: #000000;\">La experiencia signific\u00f3 una gran satisfacci\u00f3n para los organizadores, el p\u00fablico, periodistas y amigos que se hicieron grandes expectativas por la continuidad de este espacio tan necesario para la formaci\u00f3n de nuevos p\u00fablicos y para el desarrollo constante de la cultura cinematogr\u00e1fica en Asunci\u00f3n. Sin embargo, quedan truncos estrenos de importancia y reprises de pel\u00edculas paraguayas que estaban agendados para las pr\u00f3ximas semanas; y por ahora queda abierta la posibilidad de continuidad, sino en Cinemark, en alguna otra sala que desee apostar al cine de calidad y de diversidad cultural que merecen los pobladores de Asunci\u00f3n.<\/span><\/p>\r\n<p style=\"text-align: left;\"><span style=\"color: #000000;\">\u00a0<\/span><\/p>\r\n<p style=\"text-align: left;\"><span style=\"color: #000000;\">LA PROGRAMACI\u00d3N DEL MARTES 30 DE OCTUBRE<\/span><\/p>\r\n<p style=\"text-align: left;\"><span style=\"color: #000000;\">\u00a0<\/span><\/p>\r\n<p style=\"text-align: left;\"><span style=\"color: #000000;\">Para los amantes del buen cine, CINEMARTE anuncia la exhibici\u00f3n \u00faltima de la exitosa pel\u00edcula estrenada dos semanas atr\u00e1s, LA LIBRER\u00cdA (The Bookshop, 2017) de Isabel Coixet, a las 20 hs.<\/span><\/p>\r\n<p style=\"text-align: left;\"><span style=\"color: #000000;\"><a href=\"http:\/\/www.cid.com.py\/v1\/wp-content\/uploads\/2018\/10\/00249b0d-6c9b-4d7e-a6d9-e0f6af86c987.jpg\"><img loading=\"lazy\" decoding=\"async\" class=\"alignright size-thumbnail wp-image-2246\" src=\"http:\/\/www.cid.com.py\/v1\/wp-content\/uploads\/2018\/10\/00249b0d-6c9b-4d7e-a6d9-e0f6af86c987-150x150.jpg\" alt=\"00249b0d-6c9b-4d7e-a6d9-e0f6af86c987\" width=\"150\" height=\"150\" srcset=\"http:\/\/www.cid.com.py\/v1\/wp-content\/uploads\/2018\/10\/00249b0d-6c9b-4d7e-a6d9-e0f6af86c987-150x150.jpg 150w, http:\/\/www.cid.com.py\/v1\/wp-content\/uploads\/2018\/10\/00249b0d-6c9b-4d7e-a6d9-e0f6af86c987-300x300.jpg 300w, http:\/\/www.cid.com.py\/v1\/wp-content\/uploads\/2018\/10\/00249b0d-6c9b-4d7e-a6d9-e0f6af86c987-1024x1024.jpg 1024w, http:\/\/www.cid.com.py\/v1\/wp-content\/uploads\/2018\/10\/00249b0d-6c9b-4d7e-a6d9-e0f6af86c987.jpg 1279w\" sizes=\"(max-width: 150px) 100vw, 150px\" \/><\/a>\u00a0<\/span><\/p>\r\n<p style=\"text-align: left;\"><span style=\"color: #000000;\">En la funci\u00f3n de las 22:15 hrs. se reprisar\u00e1 una de las pel\u00edculas m\u00e1s comentadas y solicitadas del 27\u00ba Festival, LA GRADUACI\u00d3N (Baccalaureat, 2016) del multipremiado premiado director rumano Cristian Mungiu.<\/span><\/p>\r\n<p style=\"text-align: left;\"><span style=\"color: #000000;\">\u00a0\u00a0<\/span><\/p>\r\n<p style=\"text-align: left;\"><span style=\"color: #000000;\">LA LIBRER\u00cdA (The bookshop) Apto para Todo P\u00fablico<\/span><\/p>\r\n<p style=\"text-align: left;\"><span style=\"color: #000000;\">Espa\u00f1a \/ Inglaterra \/ Alemania 2017 \u2013 Color 113 min.<\/span><\/p>\r\n<p style=\"text-align: left;\"><span style=\"color: #000000;\">Direcci\u00f3n y gui\u00f3n: Isabel Coixet, Basado en la novela de Pen\u00e9lope Fitzgerald<\/span><\/p>\r\n<p style=\"text-align: left;\"><span style=\"color: #000000;\">Con: Emily Mortimer, Patricia Clarkson, Bill Nighy y otros.<\/span><\/p>\r\n<p style=\"text-align: left;\"><span style=\"color: #000000;\">Premios Goya 2018 a la Mejor Pel\u00edcula, Direcci\u00f3n y Gui\u00f3n Adaptado; entre otros.<\/span><\/p>\r\n<p style=\"text-align: left;\"><span style=\"color: #000000;\">\u00a0<\/span><\/p>\r\n<p style=\"text-align: left;\"><span style=\"color: #000000;\">Un \u00e9xito de taquilla en Europa y Latinoam\u00e9rica, es la \u00faltima pel\u00edcula de la cineasta espa\u00f1ola Isabel Coixet, dada a conocer en Asunci\u00f3n por el Festival Internacional de Cine que present\u00f3 Mi vida sin m\u00ed (2003) y La vida secreta de las palabras (2005).<\/span><\/p>\r\n<p style=\"text-align: left;\"><span style=\"color: #000000;\">\u00a0<\/span><\/p>\r\n<p style=\"text-align: left;\"><span style=\"color: #000000;\">Florence es una joven viuda que llega de Londres con la intenci\u00f3n abrir la \u00fanica librer\u00eda en una peque\u00f1a localidad costera de Inglaterra a mitad del siglo XX, pero descubre que a su encomiable proyecto se opone la sociedad ultraconservadora del lugar. La principal oponente es una arist\u00f3crata que no tolera a una extranjera dedic\u00e1ndose a la promoci\u00f3n cultural en \u201csu\u201d feudo. As\u00ed se produce un emocionante duelo entre dos caracteres femeninos: la arrogante y poderosa se\u00f1ora Gamart contra la humilde y solitaria Florence.<\/span><\/p>\r\n<p style=\"text-align: left;\"><span style=\"color: #000000;\">\u00a0<\/span><\/p>\r\n<p style=\"text-align: left;\"><span style=\"color: #000000;\">Los temas de la opresi\u00f3n y la mezquindad, ese implacable ejemplo de miseria moral, se potencian en el paisaje natural abierto al mar, agreste y ventoso, que rodea a un pueblo encerrado en s\u00ed mismo, donde la protagonista se sentir\u00e1 enclaustrada y oprimida, aunque finalmente vea una puerta abierta a la esperanza.<\/span><\/p>\r\n<p style=\"text-align: left;\"><span style=\"color: #000000;\">\u00a0<\/span><\/p>\r\n<p style=\"text-align: left;\"><span style=\"color: #000000;\">La fotograf\u00eda, la direcci\u00f3n de arte y las espl\u00e9ndidas interpretaciones suman para convertir a esta pel\u00edcula en una emocionante oda sobre el coraje de luchar por los sue\u00f1os, sobre la necesidad de ser fieles a uno mismo \u2013a pesar de las adversidades\u2013\u00a0 y en un homenaje a los libros, al deleite que ofrecen, al conocimiento y la imaginaci\u00f3n que trasmiten.\u00a0<\/span><\/p>\r\n<p style=\"text-align: left;\"><span style=\"color: #000000;\">\u00a0<\/span><\/p>\r\n<p style=\"text-align: left;\"><span style=\"color: #000000;\">\u00a0<a href=\"http:\/\/www.cid.com.py\/v1\/wp-content\/uploads\/2018\/10\/image003.jpg\"><img loading=\"lazy\" decoding=\"async\" class=\"aligncenter size-thumbnail wp-image-2267\" src=\"http:\/\/www.cid.com.py\/v1\/wp-content\/uploads\/2018\/10\/image003-150x150.jpg\" alt=\"image003\" width=\"150\" height=\"150\" \/><\/a><\/span><\/p>\r\n<p style=\"text-align: left;\"><span style=\"color: #000000;\">\u00a0<\/span><\/p>\r\n<p style=\"text-align: left;\"><span style=\"color: #000000;\">LA GRADUACI\u00d3N (Baccalaureat)\u00a0\u00a0 M15<\/span><\/p>\r\n<p style=\"text-align: left;\"><span style=\"color: #000000;\">Rumania \/ Francia \/ B\u00e9lgica 2016 \u2013 Color 128 min.<\/span><\/p>\r\n<p style=\"text-align: left;\"><span style=\"color: #000000;\">Direcci\u00f3n y Gui\u00f3n: Cristian Mungiu<\/span><\/p>\r\n<p style=\"text-align: left;\"><span style=\"color: #000000;\">Con: Adrian Titieni, Maria-Victoria Dragus, Lia Bugnar, Malina Manovici, Vlad Ivanov, Gelu Colceag, Rares Andrici y otros.<\/span><\/p>\r\n<p style=\"text-align: left;\"><span style=\"color: #000000;\">\u00a0<\/span><\/p>\r\n<p style=\"text-align: left;\"><span style=\"color: #000000;\">Premio Mejor Director en el Festival de Cannes 2016; Premios Mejor Actor y Mejor Gui\u00f3n en el Festival Internacional de Chicago; Premio de la Cr\u00edtica en el Festival de Hamburgo; Premio Mejor Pel\u00edcula Extranjera 2018 por la Sociedad de Cr\u00edticos de los EE.UU.; entre otros.<\/span><\/p>\r\n<p style=\"text-align: left;\"><span style=\"color: #000000;\">\u00a0<\/span><\/p>\r\n<p style=\"text-align: left;\"><span style=\"color: #000000;\">Romeo, con una reputaci\u00f3n ciudadana de fachada intachable, es un m\u00e9dico de 50 a\u00f1os que lidia con un matrimonio quebrado, con una amante joven y con una hija adolescente e inteligente por la que se desvive. Su mayor anhelo es que ella gane una beca para una universidad en Inglaterra y forje su futuro fuera de Rumania. Cuando ella sufre un ataque sexual en la v\u00eda p\u00fablica, Romeo se moviliza en hacer lo imposible para que su hija rinda con las mejores calificaciones los ex\u00e1menes que le permitir\u00e1n acceder a la beca.<\/span><\/p>\r\n<p style=\"text-align: left;\"><span style=\"color: #000000;\">El alto precio que debe pagar un padre para asegurar el porvenir de su amada hija sirve para retratar una sociedad marcada por su pasado dictatorial, ineficaz, corrupto, de doble moral. Diez a\u00f1os despu\u00e9s de la primera Palma de Oro de Cannes para Rumania, el mismo director que lograra esa proeza regres\u00f3 con este thriller dom\u00e9stico y austero, de magistral solidez narrativa y actoral, de aguda cr\u00edtica social y grandes dosis de tensi\u00f3n.<\/span><\/p>\r\n<p style=\"text-align: left;\"><span style=\"color: #000000;\">\u00a0<\/span><\/p>\r\n<p style=\"text-align: left;\"><span style=\"color: #000000;\">Fuente: informaciones y la programaci\u00f3n en @cinefestpy y contacto@cinefestpy.org<\/span><\/p>","protected":false},"excerpt":{"rendered":"<p>\u00daLTIMO CINEMARTE DEL A\u00d1O EN CINEMARK. \u00a0 El espacio CINEMARTE, que se deb\u00eda convertir en una nueva programaci\u00f3n constante de cine de autor, de calidad y de diversidad internacional en la cartelera de cine en la capital, llega a su terminaci\u00f3n por lo que resta del a\u00f1o por una decisi\u00f3n de Cinemark. \u00a0 Al cuarto<\/p>\n<div class=\"read-more\"><a href=\"http:\/\/www.cid.com.py\/v1\/2266\" title=\"Read More\">Read More<\/a><\/div>\n","protected":false},"author":5,"featured_media":2267,"comment_status":"open","ping_status":"open","sticky":false,"template":"","format":"standard","meta":{"footnotes":""},"categories":[12],"tags":[762,379,1444,1443,1436,59,1446,1445],"class_list":{"0":"post-2266","1":"post","2":"type-post","3":"status-publish","4":"format-standard","5":"has-post-thumbnail","7":"category-arte-y-espectaculos","8":"tag-arte","9":"tag-cine","10":"tag-cinemark","11":"tag-cinemarte","12":"tag-cinemartes","13":"tag-cultura","14":"tag-la-graduacion","15":"tag-la-libreria"},"_links":{"self":[{"href":"http:\/\/www.cid.com.py\/v1\/wp-json\/wp\/v2\/posts\/2266"}],"collection":[{"href":"http:\/\/www.cid.com.py\/v1\/wp-json\/wp\/v2\/posts"}],"about":[{"href":"http:\/\/www.cid.com.py\/v1\/wp-json\/wp\/v2\/types\/post"}],"author":[{"embeddable":true,"href":"http:\/\/www.cid.com.py\/v1\/wp-json\/wp\/v2\/users\/5"}],"replies":[{"embeddable":true,"href":"http:\/\/www.cid.com.py\/v1\/wp-json\/wp\/v2\/comments?post=2266"}],"version-history":[{"count":2,"href":"http:\/\/www.cid.com.py\/v1\/wp-json\/wp\/v2\/posts\/2266\/revisions"}],"predecessor-version":[{"id":2269,"href":"http:\/\/www.cid.com.py\/v1\/wp-json\/wp\/v2\/posts\/2266\/revisions\/2269"}],"wp:featuredmedia":[{"embeddable":true,"href":"http:\/\/www.cid.com.py\/v1\/wp-json\/wp\/v2\/media\/2267"}],"wp:attachment":[{"href":"http:\/\/www.cid.com.py\/v1\/wp-json\/wp\/v2\/media?parent=2266"}],"wp:term":[{"taxonomy":"category","embeddable":true,"href":"http:\/\/www.cid.com.py\/v1\/wp-json\/wp\/v2\/categories?post=2266"},{"taxonomy":"post_tag","embeddable":true,"href":"http:\/\/www.cid.com.py\/v1\/wp-json\/wp\/v2\/tags?post=2266"}],"curies":[{"name":"wp","href":"https:\/\/api.w.org\/{rel}","templated":true}]}}