{"id":2277,"date":"2019-01-15T12:49:59","date_gmt":"2019-01-15T12:49:59","guid":{"rendered":"http:\/\/www.cid.com.py\/v1\/?p=2277"},"modified":"2019-01-15T12:51:18","modified_gmt":"2019-01-15T12:51:18","slug":"cultural-inicio-de-recordacion","status":"publish","type":"post","link":"http:\/\/www.cid.com.py\/v1\/2277","title":{"rendered":"Cultural inicio de recordaci\u00f3n"},"content":{"rendered":"<strong>Desde hoy cine japon\u00e9s.<\/strong>\r\n\r\n<div id=\"attachment_2278\" style=\"width: 160px\" class=\"wp-caption alignleft\"><a href=\"http:\/\/www.cid.com.py\/v1\/wp-content\/uploads\/2019\/01\/Cine-japones.jpg\"><img loading=\"lazy\" decoding=\"async\" aria-describedby=\"caption-attachment-2278\" class=\"size-thumbnail wp-image-2278\" src=\"http:\/\/www.cid.com.py\/v1\/wp-content\/uploads\/2019\/01\/Cine-japones-150x150.jpg\" alt=\"CICLO DE CINE JAPON\u00c9S EN CONMEMORACI\u00d3N A LOS 100 A\u00d1OS DEL ESTABLECIMIENTO DE LAS RELACIONES DIPLOM\u00c1TICAS ENTRE JAP\u00d3N Y PARAGUAY\" width=\"150\" height=\"150\" \/><\/a><p id=\"caption-attachment-2278\" class=\"wp-caption-text\">CICLO DE CINE JAPON\u00c9S<br \/>EN CONMEMORACI\u00d3N A LOS 100 A\u00d1OS DEL ESTABLECIMIENTO DE LAS RELACIONES DIPLOM\u00c1TICAS ENTRE <span style=\"color: #000000;\">JAP\u00d3N Y PARAGUAY<\/span><\/p><\/div>\r\n\r\n&nbsp;\r\n<p style=\"text-align: left;\"><span style=\"color: #000000;\">\u00a0\u00a0\u00a0\u00a0\u00a0\u00a0\u00a0\u00a0\u00a0\u00a0\u00a0 En el marco de las actividades conmemorativas de los 100 A\u00f1os del Establecimiento de las Relaciones Diplom\u00e1ticas entre Jap\u00f3n y Paraguay, la Embajada del Jap\u00f3n, La Fundaci\u00f3n Jap\u00f3n y el Fuente Shopping de Salemma presentan un Ciclo de Cine Japon\u00e9s donde ser\u00e1n exhibidas cinco pel\u00edculas de los g\u00e9neros de comedia, anim\u00e9, drama y terror con acceso libre y gratuito, los d\u00edas martes 15, 22 y 29 de enero y 5 y 12 de febrero, en la Sala del Cine Fuente Shopping de Salemma.<\/span><\/p>\r\n<p style=\"text-align: left;\"><span style=\"color: #000000;\">Esta proyecci\u00f3n de pel\u00edculas japonesas es patrocinada por The Japan Foundation, organismo con sede en Jap\u00f3n, dedicado a la promoci\u00f3n del intercambio cultural internacional y del entendimiento mutuo entre Jap\u00f3n y otros pa\u00edses del mundo.<\/span><\/p>\r\n<p style=\"text-align: left;\"><span style=\"color: #000000;\">\u00a0<\/span><\/p>\r\n<p style=\"text-align: left;\"><span style=\"color: #000000;\">\u00a0(PEL\u00cdCULAS SUBTITULADAS EN ESPA\u00d1OL)<\/span><\/p>\r\n<p style=\"text-align: left;\"><span style=\"color: #000000;\">\u00a0<\/span><\/p>\r\n<p style=\"text-align: left;\"><span style=\"color: #000000;\"><strong>HOY MARTES 15 DE ENERO DE 2019<\/strong><\/span><\/p>\r\n<p style=\"text-align: left;\"><span style=\"color: #000000;\">19:00 horas, PATEMA Y EL MUNDO INVERSO\u00a0 (Apta para todo p\u00fablico)<\/span><\/p>\r\n<p style=\"text-align: left;\"><span style=\"color: #000000;\">G\u00e9nero: Ciencia Ficci\u00f3n, Fantas\u00eda, Animaci\u00f3n\u00a0 &#8211;\u00a0 A\u00f1o:2013\u00a0 &#8211;\u00a0 Duraci\u00f3n: 99 min.<\/span><\/p>\r\n<p style=\"text-align: left;\"><span style=\"color: #000000;\">Director: Yasuhiro YOSHIURA \u00a0<\/span><\/p>\r\n<p style=\"text-align: left;\"><span style=\"color: #000000;\">Sinopsis: Patema vive en una civilizaci\u00f3n que habita en un sistema de t\u00faneles y cavernas bajo tierra. A ella le gusta ir afuera de su pueblo para conocer el mundo, a pesar de las repetidas advertencias que le indican del peligro que existe fuera. Estando investigando por \u00abla zona prohibida\u00bb, Patema se encuentra con un ser extra\u00f1o colgando del cielo boca abajo. Ella en un descuido cae en un profundo agujero y, al despertarse, se da cuenta de que ha ca\u00eddo al mundo exterior donde conoce a un muchacho llamado Age.<\/span><\/p>\r\n<p style=\"text-align: left;\"><span style=\"color: #000000;\">\u00a0<\/span><\/p>\r\n<p style=\"text-align: left;\"><span style=\"color: #000000;\">MARTES 22 DE ENERO DE 2019<\/span><\/p>\r\n<p style=\"text-align: left;\"><span style=\"color: #000000;\">19:00 horas, EL SAMUR\u00c1I DEL GATO (Apta para todo p\u00fablico)<\/span><\/p>\r\n<p style=\"text-align: left;\"><span style=\"color: #000000;\">G\u00e9nero: Acci\u00f3n, Aventura \u00a0&#8211;\u00a0 A\u00f1o: 2014 &#8211;\u00a0 Duraci\u00f3n: 100 min.<\/span><\/p>\r\n<p style=\"text-align: left;\"><span style=\"color: #000000;\">Director: Yoshitaka YAMAGUCHI\u00a0<\/span><\/p>\r\n<p style=\"text-align: left;\"><span style=\"color: #000000;\">Sinopsis: Representaci\u00f3n humor\u00edstica de un samur\u00e1i sin maestro al final del per\u00edodo Edo, cuyo coraz\u00f3n es derretido por un adorable gato blanco. El experto espadach\u00edn Madarame Kyutaro fue un temido asesino, pero ahora vive en la pobreza. Un d\u00eda, recibe su primera solicitud de asesinato en bastante tiempo. Sin embargo, el objetivo del asesinato resulta ser un gato que se dice que convirti\u00f3 a su amo en una medusa sin espinas.<\/span><\/p>\r\n<p style=\"text-align: left;\"><span style=\"color: #000000;\">\u00a0<\/span><\/p>\r\n<p style=\"text-align: left;\"><span style=\"color: #000000;\">MARTES 29 DE ENERO DE 2019<\/span><\/p>\r\n<p style=\"text-align: left;\"><span style=\"color: #000000;\">19:00 horas, KARATE-ROBO ZABORGAR (Apta para todo p\u00fablico)<\/span><\/p>\r\n<p style=\"text-align: left;\"><span style=\"color: #000000;\">G\u00e9nero: Acci\u00f3n, Aventura, Comedia\u00a0 &#8211;\u00a0 A\u00f1o: 2011 \u00a0&#8211;\u00a0Duraci\u00f3n: 114 min.<\/span><\/p>\r\n<p style=\"text-align: left;\"><span style=\"color: #000000;\">Director: Noboru IGUCHI<\/span><\/p>\r\n<p style=\"text-align: left;\"><span style=\"color: #000000;\">Las haza\u00f1as del oficial de polic\u00eda secreto Daimon Yutaka, se relatan en dos partes en diferentes etapas de su vida: su apogeo juvenil y su mediana edad. Un d\u00eda, la se\u00f1orita Borg de la organizaci\u00f3n malvada cyborg, anuncia que han puesto en marcha un infame esquema que se dirige a los miembros de la Dieta. En un intento por detenerlos, el oficial de la polic\u00eda secreta Daimon y su compa\u00f1ero robot Zaborger entran en acci\u00f3n.<\/span><\/p>\r\n<p style=\"text-align: left;\"><span style=\"color: #000000;\">\u00a0<\/span><\/p>\r\n<p style=\"text-align: left;\"><span style=\"color: #000000;\">MARTES 5 DE FEBRERO DE 2019<\/span><\/p>\r\n<p style=\"text-align: left;\"><span style=\"color: #000000;\">19:00 horas, COMPLEJO KUROYURI (Apta para mayores de 18)<\/span><\/p>\r\n<p style=\"text-align: left;\"><span style=\"color: #000000;\">G\u00e9nero: Terror\u00a0\u00a0 &#8211;\u00a0\u00a0 A\u00f1o: 2012\u00a0\u00a0 &#8211;\u00a0\u00a0 Duraci\u00f3n: 106 min.<\/span><\/p>\r\n<p style=\"text-align: left;\"><span style=\"color: #000000;\">Director: Hideo NAKATA<\/span><\/p>\r\n<p style=\"text-align: left;\"><span style=\"color: #000000;\">Deftly saca a la luz la locura y el aislamiento que acechan en la vida cotidiana.\u00a0El complejo de apartamentos Kuroyuri est\u00e1 asediado por muertes misteriosas. Asuka (Maeda) se muda sin darse cuenta, pero desde la primera noche se siente preocupada por los ruidos extra\u00f1os que vienen de la puerta de al lado. Despu\u00e9s de encontrar el cad\u00e1ver de un anciano en el apartamento adyacente, Asuka se sumerge en una serie de acontecimientos insondables.<\/span><\/p>\r\n<p style=\"text-align: left;\"><span style=\"color: #000000;\">\u00a0<\/span><\/p>\r\n<p style=\"text-align: left;\"><span style=\"color: #000000;\">MARTES 12 DE FEBRERO DE 2019<\/span><\/p>\r\n<p style=\"text-align: left;\"><span style=\"color: #000000;\">19:00 horas, EL MOHICANO VUELVE A CASA (Apta para todo p\u00fablico)<\/span><\/p>\r\n<p style=\"text-align: left;\"><span style=\"color: #000000;\">G\u00e9nero: Drama\u00a0\u00a0 &#8211;\u00a0\u00a0 A\u00f1o: 2016\u00a0\u00a0 &#8211;\u00a0\u00a0 Duraci\u00f3n: 125 min.\u00a0\u00a0\u00a0 \u00a0\u00a0\u00a0\u00a0\u00a0\u00a0\u00a0\u00a0\u00a0\u00a0<\/span><\/p>\r\n<p style=\"text-align: left;\"><span style=\"color: #000000;\">Director: Shuichi OKITA<\/span><\/p>\r\n<p style=\"text-align: left;\"><span style=\"color: #000000;\">Un agridulce drama familiar ambientado en una isla en el mar interior de Seto. El regreso a casa de un joven mohicano despu\u00e9s de siete a\u00f1os se ve sacudido por el tiempo de vida que le queda a su padre Eikichi, el vocalista de una banda de death metal poco conocida, ha decidido casarse con su novia embarazada, Yuka. Regresa a su hogar familiar en la isla Tobi despu\u00e9s de varios a\u00f1os. Sin embargo, su padre testarudo, Osamu, se derrumba y se le diagnostica c\u00e1ncer.<\/span><\/p>\r\n<p style=\"text-align: left;\"><span style=\"color: #000000;\">Fuente: embajada del Jap\u00f3n\u00a0<\/span><\/p>","protected":false},"excerpt":{"rendered":"<p>Desde hoy cine japon\u00e9s. &nbsp; \u00a0\u00a0\u00a0\u00a0\u00a0\u00a0\u00a0\u00a0\u00a0\u00a0\u00a0 En el marco de las actividades conmemorativas de los 100 A\u00f1os del Establecimiento de las Relaciones Diplom\u00e1ticas entre Jap\u00f3n y Paraguay, la Embajada del Jap\u00f3n, La Fundaci\u00f3n Jap\u00f3n y el Fuente Shopping de Salemma presentan un Ciclo de Cine Japon\u00e9s donde ser\u00e1n exhibidas cinco pel\u00edculas de los g\u00e9neros de<\/p>\n<div class=\"read-more\"><a href=\"http:\/\/www.cid.com.py\/v1\/2277\" title=\"Read More\">Read More<\/a><\/div>\n","protected":false},"author":5,"featured_media":2278,"comment_status":"open","ping_status":"open","sticky":false,"template":"","format":"standard","meta":{"footnotes":""},"categories":[12],"tags":[1450,379,490,1324,374],"class_list":{"0":"post-2277","1":"post","2":"type-post","3":"status-publish","4":"format-standard","5":"has-post-thumbnail","7":"category-arte-y-espectaculos","8":"tag-ciclo-de-cine-japones","9":"tag-cine","10":"tag-cine-japones","11":"tag-embajada-del-japon","12":"tag-japon"},"_links":{"self":[{"href":"http:\/\/www.cid.com.py\/v1\/wp-json\/wp\/v2\/posts\/2277"}],"collection":[{"href":"http:\/\/www.cid.com.py\/v1\/wp-json\/wp\/v2\/posts"}],"about":[{"href":"http:\/\/www.cid.com.py\/v1\/wp-json\/wp\/v2\/types\/post"}],"author":[{"embeddable":true,"href":"http:\/\/www.cid.com.py\/v1\/wp-json\/wp\/v2\/users\/5"}],"replies":[{"embeddable":true,"href":"http:\/\/www.cid.com.py\/v1\/wp-json\/wp\/v2\/comments?post=2277"}],"version-history":[{"count":2,"href":"http:\/\/www.cid.com.py\/v1\/wp-json\/wp\/v2\/posts\/2277\/revisions"}],"predecessor-version":[{"id":2280,"href":"http:\/\/www.cid.com.py\/v1\/wp-json\/wp\/v2\/posts\/2277\/revisions\/2280"}],"wp:featuredmedia":[{"embeddable":true,"href":"http:\/\/www.cid.com.py\/v1\/wp-json\/wp\/v2\/media\/2278"}],"wp:attachment":[{"href":"http:\/\/www.cid.com.py\/v1\/wp-json\/wp\/v2\/media?parent=2277"}],"wp:term":[{"taxonomy":"category","embeddable":true,"href":"http:\/\/www.cid.com.py\/v1\/wp-json\/wp\/v2\/categories?post=2277"},{"taxonomy":"post_tag","embeddable":true,"href":"http:\/\/www.cid.com.py\/v1\/wp-json\/wp\/v2\/tags?post=2277"}],"curies":[{"name":"wp","href":"https:\/\/api.w.org\/{rel}","templated":true}]}}