{"id":2334,"date":"2019-02-12T05:00:37","date_gmt":"2019-02-12T05:00:37","guid":{"rendered":"http:\/\/www.cid.com.py\/v1\/?p=2334"},"modified":"2019-02-12T01:51:47","modified_gmt":"2019-02-12T01:51:47","slug":"las-emociones-de-un-cine-distinto","status":"publish","type":"post","link":"http:\/\/www.cid.com.py\/v1\/2334","title":{"rendered":"Las emociones de un cine distinto"},"content":{"rendered":"<p class=\"yiv0393811670MsoNormal\" style=\"text-align: left;\"><span style=\"color: #000000;\"><b><i><span lang=\"ES\">H O Y en CinemArte.<\/span><\/i><\/b><\/span><\/p>\r\n<p class=\"yiv0393811670MsoNormal\" style=\"text-align: left;\"><span lang=\"ES\" style=\"color: #000000;\">Para el deleite de los espectadores, la programaci\u00f3n de <b>CINEMARTE <\/b>de hoy martes 12 de febrero iniciar\u00e1 a las 18:30 hrs. con la exhibici\u00f3n de<b> LA LIBRER\u00cdA<\/b> (The Bookshop, 2017) de Isabel Coixet, estrenada y aplaudida en la temporada pasada; y a las 20:30 hrs. un imperdible ESTRENO EXCLUSIVO titulado <b>DJAM, UNA JOVEN CON ESP\u00cdRITU SALVAJE<\/b> (Djam, 2017) de Tony Gatlif. Ambas pel\u00edculas son en idioma original con subt\u00edtulos en castellano.<\/span><\/p>\r\n<p class=\"yiv0393811670MsoNormal\" style=\"text-align: left;\"><span lang=\"ES\" style=\"color: #000000;\">El precio de las entradas ser\u00e1 de Gs. 30.000 general y Gs. 20.000 para estudiantes menores de 25 a\u00f1os. Se pueden adquirir ese mismo d\u00eda en el Teatro de las Am\u00e9ricas del Centro Cultural Paraguayo Americano. Al finalizar la segunda funci\u00f3n los presentes podr\u00e1n participar de un debate que enriquecer\u00e1 la experiencia.<\/span><\/p>\r\n<p class=\"yiv0393811670MsoNormal\" style=\"text-align: left;\"><span lang=\"ES\" style=\"color: #000000;\">\u00a0<\/span><\/p>\r\n<p class=\"yiv0393811670MsoNormal\" style=\"text-align: left;\" align=\"center\"><span style=\"color: #000000;\"><b><span lang=\"ES\">LAS PEL\u00cdCULAS<\/span><\/b><\/span><\/p>\r\n<p class=\"yiv0393811670MsoNormal\" style=\"text-align: left;\"><span lang=\"ES\" style=\"color: #000000;\">\u00a0<\/span><\/p>\r\n<p class=\"yiv0393811670MsoNormal\" style=\"text-align: left;\"><span style=\"color: #000000;\"><b><span lang=\"ES\">LA LIBRER\u00cdA<\/span><\/b><span lang=\"ES\"> (The bookshop)<\/span><\/span><\/p>\r\n<p class=\"yiv0393811670MsoNormal\" style=\"text-align: left;\"><a href=\"http:\/\/www.cid.com.py\/v1\/wp-content\/uploads\/2018\/10\/00249b0d-6c9b-4d7e-a6d9-e0f6af86c987.jpg\"><img loading=\"lazy\" decoding=\"async\" class=\"alignleft size-thumbnail wp-image-2246\" src=\"http:\/\/www.cid.com.py\/v1\/wp-content\/uploads\/2018\/10\/00249b0d-6c9b-4d7e-a6d9-e0f6af86c987-150x150.jpg\" alt=\"00249b0d-6c9b-4d7e-a6d9-e0f6af86c987\" width=\"150\" height=\"150\" srcset=\"http:\/\/www.cid.com.py\/v1\/wp-content\/uploads\/2018\/10\/00249b0d-6c9b-4d7e-a6d9-e0f6af86c987-150x150.jpg 150w, http:\/\/www.cid.com.py\/v1\/wp-content\/uploads\/2018\/10\/00249b0d-6c9b-4d7e-a6d9-e0f6af86c987-300x300.jpg 300w, http:\/\/www.cid.com.py\/v1\/wp-content\/uploads\/2018\/10\/00249b0d-6c9b-4d7e-a6d9-e0f6af86c987-1024x1024.jpg 1024w, http:\/\/www.cid.com.py\/v1\/wp-content\/uploads\/2018\/10\/00249b0d-6c9b-4d7e-a6d9-e0f6af86c987.jpg 1279w\" sizes=\"(max-width: 150px) 100vw, 150px\" \/><\/a><\/p>\r\n<p class=\"yiv0393811670MsoNormal\" style=\"text-align: left;\"><span lang=\"ES\" style=\"color: #000000;\">ATP Apta para Todo P\u00fablico, hablada en ingl\u00e9s con subt\u00edtulos en castellano<\/span><\/p>\r\n<p class=\"yiv0393811670MsoNormal\" style=\"text-align: left;\"><span lang=\"ES\" style=\"color: #000000;\">Espa\u00f1a \/ Inglaterra \/ Alemania 2017 \u2013 Color 113 min.<\/span><\/p>\r\n<p class=\"yiv0393811670MsoNormal\" style=\"text-align: left;\"><span lang=\"ES\" style=\"color: #000000;\">Direcci\u00f3n y gui\u00f3n: Isabel Coixet, basado en la novela de Pen\u00e9lope Fitzgerald<\/span><\/p>\r\n<p class=\"yiv0393811670MsoNormal\" style=\"text-align: left;\"><span lang=\"ES\" style=\"color: #000000;\">Con: Emily Mortimer, Patricia Clarkson, Bill Nighy y otros.<\/span><\/p>\r\n<p class=\"yiv0393811670MsoNormal\" style=\"text-align: left;\"><span lang=\"ES\" style=\"color: #000000;\">Premios Goya 2018 a la Mejor Pel\u00edcula, Direcci\u00f3n y Gui\u00f3n Adaptado; entre otros.<\/span><\/p>\r\n<p class=\"yiv0393811670MsoNormal\" style=\"text-align: left;\"><span lang=\"ES\" style=\"color: #000000;\">\u00a0<\/span><\/p>\r\n<p class=\"yiv0393811670MsoNormal\" style=\"text-align: left;\"><span lang=\"ES\" style=\"color: #000000;\">Un \u00e9xito de taquilla en Europa y Latinoam\u00e9rica, es la \u00faltima pel\u00edcula de la cineasta espa\u00f1ola Isabel Coixet, dada a conocer en Asunci\u00f3n por el Festival Internacional de Cine que present\u00f3 <b><i>Mi vida sin m\u00ed<\/i><\/b> (2003) y <b><i>La vida secreta de las palabras<\/i><\/b> (2005). <\/span><\/p>\r\n<p class=\"yiv0393811670MsoNormal\" style=\"text-align: left;\"><span lang=\"ES\" style=\"color: #000000;\">\u00a0<\/span><\/p>\r\n<p class=\"yiv0393811670MsoNormal\" style=\"text-align: left;\"><span lang=\"ES\" style=\"color: #000000;\">Florence es una joven viuda que llega de Londres con la intenci\u00f3n abrir la \u00fanica librer\u00eda en una peque\u00f1a localidad costera de Inglaterra a mitad del siglo XX, pero descubre que a su encomiable proyecto se opone la sociedad ultraconservadora del lugar. La principal oponente es una arist\u00f3crata que no tolera a una extranjera dedic\u00e1ndose a la promoci\u00f3n cultural en \u201csu\u201d feudo. As\u00ed se produce un emocionante duelo entre dos caracteres femeninos: la arrogante y poderosa se\u00f1ora Gamart contra la humilde y solitaria Florence. <\/span><\/p>\r\n<p class=\"yiv0393811670MsoNormal\" style=\"text-align: left;\"><span lang=\"ES\" style=\"color: #000000;\">\u00a0<\/span><\/p>\r\n<p class=\"yiv0393811670MsoNormal\" style=\"text-align: left;\"><span lang=\"ES\" style=\"color: #000000;\">Los temas de la opresi\u00f3n y la mezquindad, ese implacable ejemplo de miseria moral, se potencian en el paisaje natural abierto al mar, agreste y ventoso, que rodea a un pueblo encerrado en s\u00ed mismo, donde la protagonista se sentir\u00e1 enclaustrada y oprimida, aunque finalmente vea una puerta abierta a la esperanza.<\/span><\/p>\r\n<p class=\"yiv0393811670MsoNormal\" style=\"text-align: left;\"><span lang=\"ES\" style=\"color: #000000;\">\u00a0<\/span><\/p>\r\n<p class=\"yiv0393811670MsoNormal\" style=\"text-align: left;\"><span lang=\"ES\" style=\"color: #000000;\">La fotograf\u00eda, la direcci\u00f3n de arte y las espl\u00e9ndidas interpretaciones suman para convertir a esta pel\u00edcula en <b>una emocionante oda sobre el coraje de luchar por los sue\u00f1os, sobre la necesidad de ser fieles a uno mismo \u2013a pesar de las adversidades\u2013\u00a0 y en un homenaje a los libros, al deleite que ofrecen, al conocimiento y la imaginaci\u00f3n que trasmiten.<\/b><\/span><\/p>\r\n<p class=\"yiv0393811670MsoNormal\" style=\"text-align: left;\"><span lang=\"ES\" style=\"color: #000000;\">\u00a0<\/span><\/p>\r\n<p class=\"yiv0393811670MsoNormal\" style=\"text-align: left;\" align=\"center\"><span style=\"color: #000000;\"><b><span lang=\"ES\">ESTRENO EXCLUSIVO DE CINEMARTE<\/span><\/b><\/span><b><i><span lang=\"ES\">\u00a0<\/span><\/i><\/b><\/p>\r\n<p class=\"yiv0393811670MsoNormal\" style=\"text-align: left;\"><span style=\"color: #000000;\"><b><span lang=\"ES\">DJAM, UNA JOVEN DE ESP\u00cdRITU LIBRE<\/span><\/b><span lang=\"ES\"> (Djam) <\/span><\/span><\/p>\r\n<p class=\"yiv0393811670MsoNormal\" style=\"text-align: left;\"><span lang=\"ES\" style=\"color: #000000;\">M12 Apta Mayores 12 a\u00f1os, hablada en griego, turco y franc\u00e9s con subt\u00edtulos en castellano<\/span><\/p>\r\n<p class=\"yiv0393811670MsoNormal\" style=\"text-align: left;\"><span lang=\"ES\" style=\"color: #000000;\">Grecia \/ Francia \/ Turqu\u00eda 2017 &#8211; Color 97 min.<\/span><\/p>\r\n<p class=\"yiv0393811670MsoNormal\" style=\"text-align: left;\"><span lang=\"ES\" style=\"color: #000000;\">Direcci\u00f3n y Gui\u00f3n: Tony Gatlif<\/span><\/p>\r\n<p class=\"yiv0393811670MsoNormal\" style=\"text-align: left;\"><span lang=\"ES\" style=\"color: #000000;\">Fotograf\u00eda: Patrick Ghiringhelli<\/span><\/p>\r\n<p class=\"yiv0393811670MsoNormal\" style=\"text-align: left;\"><span lang=\"ES\" style=\"color: #000000;\">Con: Daphne Patakia, Simon Abkarian, Maryne Cayon, Kimon Kouris, Solon Lekkas y otros<\/span><\/p>\r\n<p class=\"yiv0393811670MsoNormal\" style=\"text-align: left;\"><span lang=\"ES\" style=\"color: #000000;\">\u00a0<\/span><\/p>\r\n<p class=\"yiv0393811670MsoNormal\" style=\"text-align: left;\"><span lang=\"ES\" style=\"color: #000000;\">Djam es una joven griega, generosa, insolente, irreverente y libre, que es enviada de la isla de Lesbos a Estambul por su t\u00edo, un viejo marino enamorado del reb\u00e9tiko (m\u00fasica tradicional de los griegos), para conseguir un repuesto para el barco. En el trayecto conoce a Avril, una francesa adolescente, sola y sin dinero, que vino como voluntaria para ayudar a los refugiados. Djam la invita a formar parte de su traves\u00eda y as\u00ed comparten una aventura plena de encuentros, desencuentros, danzas, m\u00fasica, rebeld\u00eda y esperanza.<\/span><\/p>\r\n<p class=\"yiv0393811670MsoNormal\" style=\"text-align: left;\"><span lang=\"ES\" style=\"color: #000000;\">\u00a0<\/span><\/p>\r\n<p class=\"yiv0393811670MsoNormal\" style=\"text-align: left;\"><span lang=\"ES\" style=\"color: #000000;\">El director argelino nos conduce en forma \u00e1gil y l\u00edrica, con bell\u00edsima pasi\u00f3n por las culturas de la geograf\u00eda balc\u00e1nica, sin obviar los graves problemas sociales de esa regi\u00f3n. La luminosa hero\u00edna encarna el esp\u00edritu del reb\u00e9tiko con energ\u00eda arrolladora. Consciente de la magn\u00edfica cultura que porta en su interior, vierte las canciones de su patria con una alegr\u00eda que parece no tener fin. Un fresco vigoroso guiado por un g\u00e9nero musical que cultiv\u00f3 a generaciones gracias a sus ritmos fascinantes, al dolor expuesto en sus letras y a su esencial rebeld\u00eda que contagia a quienes lo escuchan.<\/span><\/p>\r\n<p class=\"yiv0393811670MsoNormal\" style=\"text-align: left;\"><span style=\"color: #000000;\">Fuente: festival de cine Paraguay\u00a0<\/span><\/p>","protected":false},"excerpt":{"rendered":"<p>H O Y en CinemArte. Para el deleite de los espectadores, la programaci\u00f3n de CINEMARTE de hoy martes 12 de febrero iniciar\u00e1 a las 18:30 hrs. con la exhibici\u00f3n de LA LIBRER\u00cdA (The Bookshop, 2017) de Isabel Coixet, estrenada y aplaudida en la temporada pasada; y a las 20:30 hrs. un imperdible ESTRENO EXCLUSIVO titulado<\/p>\n<div class=\"read-more\"><a href=\"http:\/\/www.cid.com.py\/v1\/2334\" title=\"Read More\">Read More<\/a><\/div>\n","protected":false},"author":5,"featured_media":2246,"comment_status":"open","ping_status":"open","sticky":false,"template":"","format":"standard","meta":{"footnotes":""},"categories":[12],"tags":[970,1456,379,1443,1445],"class_list":{"0":"post-2334","1":"post","2":"type-post","3":"status-publish","4":"format-standard","5":"has-post-thumbnail","7":"category-arte-y-espectaculos","8":"tag-ccpa","9":"tag-ciclo-de-cine","10":"tag-cine","11":"tag-cinemarte","12":"tag-la-libreria"},"_links":{"self":[{"href":"http:\/\/www.cid.com.py\/v1\/wp-json\/wp\/v2\/posts\/2334"}],"collection":[{"href":"http:\/\/www.cid.com.py\/v1\/wp-json\/wp\/v2\/posts"}],"about":[{"href":"http:\/\/www.cid.com.py\/v1\/wp-json\/wp\/v2\/types\/post"}],"author":[{"embeddable":true,"href":"http:\/\/www.cid.com.py\/v1\/wp-json\/wp\/v2\/users\/5"}],"replies":[{"embeddable":true,"href":"http:\/\/www.cid.com.py\/v1\/wp-json\/wp\/v2\/comments?post=2334"}],"version-history":[{"count":4,"href":"http:\/\/www.cid.com.py\/v1\/wp-json\/wp\/v2\/posts\/2334\/revisions"}],"predecessor-version":[{"id":2365,"href":"http:\/\/www.cid.com.py\/v1\/wp-json\/wp\/v2\/posts\/2334\/revisions\/2365"}],"wp:featuredmedia":[{"embeddable":true,"href":"http:\/\/www.cid.com.py\/v1\/wp-json\/wp\/v2\/media\/2246"}],"wp:attachment":[{"href":"http:\/\/www.cid.com.py\/v1\/wp-json\/wp\/v2\/media?parent=2334"}],"wp:term":[{"taxonomy":"category","embeddable":true,"href":"http:\/\/www.cid.com.py\/v1\/wp-json\/wp\/v2\/categories?post=2334"},{"taxonomy":"post_tag","embeddable":true,"href":"http:\/\/www.cid.com.py\/v1\/wp-json\/wp\/v2\/tags?post=2334"}],"curies":[{"name":"wp","href":"https:\/\/api.w.org\/{rel}","templated":true}]}}