{"id":2371,"date":"2019-02-14T12:51:30","date_gmt":"2019-02-14T12:51:30","guid":{"rendered":"http:\/\/www.cid.com.py\/v1\/?p=2371"},"modified":"2019-02-13T12:51:51","modified_gmt":"2019-02-13T12:51:51","slug":"grandes-maestros-del-7o-arte","status":"publish","type":"post","link":"http:\/\/www.cid.com.py\/v1\/2371","title":{"rendered":"GRANDES MAESTROS DEL 7\u00ba ARTE"},"content":{"rendered":"<p style=\"text-align: left;\"><span style=\"color: #000000;\"><strong>Ciclo de Cine.<\/strong>\u00a0<\/span><\/p>\r\n<p style=\"text-align: left;\"><span style=\"color: #000000;\"><a style=\"color: #000000;\" href=\"http:\/\/www.cid.com.py\/v1\/wp-content\/uploads\/2019\/02\/Ciudadano-Kane-1.jpg\"><img loading=\"lazy\" decoding=\"async\" class=\"alignleft size-thumbnail wp-image-2372\" src=\"http:\/\/www.cid.com.py\/v1\/wp-content\/uploads\/2019\/02\/Ciudadano-Kane-1-150x150.jpg\" alt=\"Ciudadano Kane 1\" width=\"150\" height=\"150\" \/><\/a>\u00a0<\/span><\/p>\r\n<p style=\"text-align: left;\"><span style=\"color: #000000;\">En el 2019 se cumple el 30\u00ba Aniversario de la Fundaci\u00f3n Cinemateca y Archivo Visual del Paraguay y en el marco de las celebraciones ofrecer\u00e1 una programaci\u00f3n de cl\u00e1sicos antiguos del cine dedicado a la memoria de Oscar Trinidad, precursor de la cultura cinematogr\u00e1fica en Paraguay.<\/span><\/p>\r\n<p style=\"text-align: left;\"><span style=\"color: #000000;\">\u00a0<\/span><\/p>\r\n<p style=\"text-align: left;\"><span style=\"color: #000000;\">El Ciclo de Cine cuenta con los Auspicios del Centro Cultural Paraguayo Americano, la Secretar\u00eda Nacional de Cultura y la Asociaci\u00f3n de Guionistas y Dramaturgos del Paraguay.<\/span><\/p>\r\n<p style=\"text-align: left;\"><span style=\"color: #000000;\">\u00a0<\/span><\/p>\r\n<p style=\"text-align: left;\"><span style=\"color: #000000;\">La FUNDACI\u00d3N CINEMATECA Y ARCHIVO VISUAL DEL PARAGUAY, entidad privada sin fines de lucro, es la m\u00e1s antigua y activa instituci\u00f3n dedicada a la cinematograf\u00eda en nuestro pa\u00eds. Naci\u00f3 en 1989 con los objetivos de promover la cultura cinematogr\u00e1fica y generar \u201cuna identidad visual paraguaya\u201d a trav\u00e9s del rescate, la preservaci\u00f3n, la producci\u00f3n y la difusi\u00f3n del patrimonio audiovisual nacional.<\/span><\/p>\r\n<p style=\"text-align: left;\"><span style=\"color: #000000;\">\u00a0<\/span><\/p>\r\n<p style=\"text-align: left;\"><span style=\"color: #000000;\">CICLO DE CINE CELEBRA EL 30 ANIVERSARIO DE LA FUNDACI\u00d3N CINEMATECA<\/span><\/p>\r\n<p style=\"text-align: left;\"><span style=\"color: #000000;\">Como lo hiciera en los a\u00f1os 90, la Fundaci\u00f3n Cinemateca del Paraguay presentar\u00e1 el Ciclo de Cine GRANDES MAESTROS DEL 7\u00ba ARTE buscando promover el desarrollo de la cultura cinematogr\u00e1fica en Asunci\u00f3n y la valoraci\u00f3n de un intelectual paraguayo que dio un significativo aporte a la cultura de su pa\u00eds, el cr\u00edtico de arte Oscar Trinidad, precursor de la cultura cinematogr\u00e1fica en Paraguay con la Cinemateca Paraguaya y el Cine Club Tayi en los a\u00f1os 60 y 70.<\/span><\/p>\r\n<p style=\"text-align: left;\"><span style=\"color: #000000;\">\u00a0<\/span><\/p>\r\n<p style=\"text-align: left;\"><span style=\"color: #000000;\">En este Ciclo se incluir\u00e1n c\u00e9lebres pel\u00edculas de los m\u00e1s renombrados maestros del cine mudo y de las primeras d\u00e9cadas del cine sonoro: Charles Chaplin, Buster Keaton, Orson Weelles, Vittorio De Sica, Luis Bu\u00f1uel e Ingmar Bergman. Los debates a continuaci\u00f3n de las proyecciones contribuir\u00e1n a la apreciaci\u00f3n de las pel\u00edculas y un mejor entendimiento de los autores.<\/span><\/p>\r\n<p style=\"text-align: left;\"><span style=\"color: #000000;\"><a style=\"color: #000000;\" href=\"http:\/\/www.cid.com.py\/v1\/wp-content\/uploads\/2019\/02\/3bd1958b-dddb-4612-ab40-2a4e988c1994.jpg\"><img loading=\"lazy\" decoding=\"async\" class=\"aligncenter size-thumbnail wp-image-2373\" src=\"http:\/\/www.cid.com.py\/v1\/wp-content\/uploads\/2019\/02\/3bd1958b-dddb-4612-ab40-2a4e988c1994-150x150.jpg\" alt=\"3bd1958b-dddb-4612-ab40-2a4e988c1994\" width=\"150\" height=\"150\" srcset=\"http:\/\/www.cid.com.py\/v1\/wp-content\/uploads\/2019\/02\/3bd1958b-dddb-4612-ab40-2a4e988c1994-150x150.jpg 150w, http:\/\/www.cid.com.py\/v1\/wp-content\/uploads\/2019\/02\/3bd1958b-dddb-4612-ab40-2a4e988c1994-300x300.jpg 300w, http:\/\/www.cid.com.py\/v1\/wp-content\/uploads\/2019\/02\/3bd1958b-dddb-4612-ab40-2a4e988c1994-1024x1024.jpg 1024w, http:\/\/www.cid.com.py\/v1\/wp-content\/uploads\/2019\/02\/3bd1958b-dddb-4612-ab40-2a4e988c1994.jpg 1280w\" sizes=\"(max-width: 150px) 100vw, 150px\" \/><\/a>\u00a0\u00a0<\/span><\/p>\r\n<p style=\"text-align: left;\"><span style=\"color: #000000;\">LA PROGRAMACI\u00d3N<\/span><\/p>\r\n<p style=\"text-align: left;\"><span style=\"color: #000000;\">Lugar y Hora: Teatro de Las Am\u00e9ricas del CCPA \u2013 20 hrs.<\/span><\/p>\r\n<p style=\"text-align: left;\"><span style=\"color: #000000;\">Jueves 14: los cortos LA CURA DE AGUAS de Charles Chaplin y UN PERRO ANDALUZ<\/span><\/p>\r\n<p style=\"text-align: left;\"><span style=\"color: #000000;\">\u00a0\u00a0\u00a0\u00a0\u00a0\u00a0\u00a0\u00a0\u00a0\u00a0\u00a0 de Luis Bu\u00f1uel; y SHERLOCK JR. de Buster Keaton.<\/span><\/p>\r\n<p style=\"text-align: left;\"><span style=\"color: #000000;\">Viernes 15: el corto EL ESPANTAP\u00c1JAROS de Buster Keaton y LUCES DE LA CIUDAD<\/span><\/p>\r\n<p style=\"text-align: left;\"><span style=\"color: #000000;\">de Charles Chaplin.<\/span><\/p>\r\n<p style=\"text-align: left;\"><span style=\"color: #000000;\">Mi\u00e9rcoles 20: EL CIUDADANO KANE de Orson Welles<\/span><\/p>\r\n<p style=\"text-align: left;\"><span style=\"color: #000000;\">Jueves 21: LADR\u00d3N DE BICICLETAS de Vittorio De Sica<\/span><\/p>\r\n<p style=\"text-align: left;\"><span style=\"color: #000000;\">Mi\u00e9rcoles 27: LOS OLVIDADOS de Luis Bu\u00f1uel<\/span><\/p>\r\n<p style=\"text-align: left;\"><span style=\"color: #000000;\">Jueves 28: FRESAS SALVAJES de Ingmar Bergman<\/span><\/p>\r\n<p style=\"text-align: left;\"><span style=\"color: #000000;\">\u00a0<\/span><\/p>\r\n<p style=\"text-align: left;\"><span style=\"color: #000000;\">La entrada ser\u00e1 libre y gratuita, con la aceptaci\u00f3n de aportes voluntarios de los espectadores.<\/span><\/p>\r\n<p style=\"text-align: left;\"><span style=\"color: #000000;\">El Jueves 14, d\u00eda inaugural, la SNC ofrecer\u00e1 un refrigerio de 19:15 a 20 hrs. para inaugurar el Ciclo.<\/span><\/p>\r\n<p style=\"text-align: left;\"><span style=\"color: #000000;\">Ciclo de Cine GRANDES MAESTROS DEL 7\u00ba ARTE &#8211; PROGRAMACI\u00d3N<\/span><\/p>\r\n<p style=\"text-align: left;\"><span style=\"color: #000000;\">\u00a0<\/span>\r\n<span style=\"color: #000000;\">JUEVES 14 \u2013 19: 15 hs.<\/span>\r\n<span style=\"color: #000000;\">BUSTER KEATON y joyas del cine mudo<\/span><\/p>\r\n<p style=\"text-align: left;\"><span style=\"color: #000000;\">\u00a0<\/span>\r\n<span style=\"color: #000000;\">UN PERRO ANDALUZ (Francia 1929; 16 min) L. Bu\u00f1uel y Salvador Dal\u00ed<\/span>\r\n<span style=\"color: #000000;\">Filme maldito, surrealista y misterioso, abierto a interpretaciones de lo profundo a lo on\u00edrico. Indispensable convulsi\u00f3n en la historia del cine. <\/span>\r\n<span style=\"color: #000000;\">\u00a0<\/span><\/p>\r\n<p style=\"text-align: left;\"><span style=\"color: #000000;\">LA CURA DE AGUAS (EEUU 1927; 20 min) C. Chaplin<\/span>\r\n<span style=\"color: #000000;\">Un burgu\u00e9s y sus botellas desatan el caos en un lugar de decencia y salud. El genio en evoluci\u00f3n da rienda suelta a su personalidad multifac\u00e9tica.<\/span><\/p>\r\n<p style=\"text-align: left;\"><span style=\"color: #000000;\">\u00a0<\/span>\r\n<span style=\"color: #000000;\">SHERLOCK JR. (EEUU 1924; 45 min) B. Keaton<\/span>\r\n<span style=\"color: #000000;\">Un proyeccionista sue\u00f1a. La m\u00e1s perfecta, apasionante y exacta pieza de joyer\u00eda f\u00edlmica por este genio del cine mudo. Hilarante obra maestra que medita sobre la significaci\u00f3n del cine.<\/span>\r\n<span style=\"color: #000000;\">\u00a0<\/span>\r\n<span style=\"color: #000000;\">\u00a0<\/span><\/p>\r\n<p style=\"text-align: left;\"><span style=\"color: #000000;\">VIERNES 15 \u2013 20 hs.<\/span>\r\n<span style=\"color: #000000;\">CHARLES CHAPLIN y Buster Keaton<\/span>\r\n<span style=\"color: #000000;\">\u00a0<\/span>\r\n<span style=\"color: #000000;\">EL ESPANTAP\u00c1JAROS (EEUU 1920; 20 min) B. Keaton<\/span>\r\n<span style=\"color: #000000;\">Dos solteros compiten por una chica en una casa muy especial. La persecuci\u00f3n es una construcci\u00f3n de perfecto rigor con una cadena progresiva de gags.<\/span>\r\n<span style=\"color: #000000;\">\u00a0<\/span><\/p>\r\n<p style=\"text-align: left;\"><span style=\"color: #000000;\">LUCES DE LA CIUDAD (EEUU 1930; 82 min) C. Chaplin<\/span>\r\n<span style=\"color: #000000;\">En el vaiv\u00e9n de la gran ciudad, el vagabundo se hace amigo de un millonario y se enamora de una florista ciega. Deliciosa comedia sentimental que en la manera de su genio examina aspectos de la condici\u00f3n humana. Inmortal obra maestra.<\/span>\r\n<span style=\"color: #000000;\">\u00a0<\/span><\/p>\r\n<p style=\"text-align: left;\"><span style=\"color: #000000;\">\u00a0<\/span>\r\n<span style=\"color: #000000;\">MI\u00c9RCOLES 20 \u2013 20 hs.<\/span>\r\n<span style=\"color: #000000;\">ORSON WELLES<\/span>\r\n<span style=\"color: #000000;\">\u00a0<\/span>\r\n<span style=\"color: #000000;\">EL CIUDADANO KANE (EEUU 1941; 119 min) O. Welles<\/span>\r\n<span style=\"color: #000000;\">\u201cRosebud\u201d murmura el magnate antes de morir en su mansi\u00f3n solitaria y vac\u00eda. Un reportero se lanza a investigar su significado y acaso el enigma de toda una vida. Considerada mundialmente como la m\u00e1s genial y revolucionaria obra cinematogr\u00e1fica de todos los tiempos y una lecci\u00f3n de cine de inicio a fin. Sigue en la lista de las diez mejores pel\u00edculas de todos los tiempos.<\/span>\r\n<span style=\"color: #000000;\">\u00a0<\/span>\r\n<span style=\"color: #000000;\">\u00a0<\/span><\/p>\r\n<p style=\"text-align: left;\"><span style=\"color: #000000;\">JUEVES 21 \u2013 20 hs.<\/span>\r\n<span style=\"color: #000000;\">VITTORIO DE SICA<\/span>\r\n<span style=\"color: #000000;\">\u00a0<\/span>\r\n<span style=\"color: #000000;\">LADR\u00d3N DE BICICLETAS (Italia 1948; 89 min) V. de Sica<\/span>\r\n<span style=\"color: #000000;\">La dram\u00e1tica y conmovedora historia de un trabajador cuya bicicleta, de la que dependen para sobrevivir \u00e9l y su familia, es robada en una Roma que apenas\u00a0se levanta de la terrible Segunda Guerra Mundial. Filme emblem\u00e1tico del Neorrealismo Italiano premiado con el Oscar a la Mejor Pel\u00edcula Extranjera. Una obra de arte trascendental, de rara sensibilidad y profunda humanidad.<\/span><\/p>\r\n<p style=\"text-align: left;\"><span style=\"color: #000000;\">MI\u00c9RCOLES 27 \u2013 20 hs.<\/span>\r\n<span style=\"color: #000000;\">LUIS BU\u00d1UEL<\/span>\r\n<span style=\"color: #000000;\">\u00a0<\/span>\r\n<span style=\"color: #000000;\">LOS OLVIDADOS (M\u00e9xico 1950; 88 min) L. Bu\u00f1uel<\/span>\r\n<span style=\"color: #000000;\">Ni\u00f1os y adolescentes en un suburbio de la ciudad de M\u00e9xico. Lacerante estudio de las relaciones humanas en un ambiente de miseria y corrupci\u00f3n moral. El maestro espa\u00f1ol aprovecha el drama social para explorar lo ins\u00f3lito, lo extra\u00f1o y lo brutal que hacen la existencia humana. El rechazo que caus\u00f3 en M\u00e9xico cambi\u00f3 cuando el Festival de Cannes le otorg\u00f3 el premio al Mejor Director.<\/span>\r\n<span style=\"color: #000000;\">\u00a0<\/span>\r\n<span style=\"color: #000000;\">\u00a0<\/span><\/p>\r\n<p style=\"text-align: left;\"><span style=\"color: #000000;\">JUEVES 28 \u2013 20 hs.<\/span>\r\n<span style=\"color: #000000;\">INGMAR BERGMAN<\/span>\r\n<span style=\"color: #000000;\">\u00a0<\/span>\r\n<span style=\"color: #000000;\">FRESAS SALVAJES (Suecia 1957; 90 min) I. Bergman<\/span>\r\n<span style=\"color: #000000;\">Motivado por el viaje para recibir un homenaje y por una inquietante pesadilla, un anciano profesor de medicina recupera su pasado y reflexiona sobre la vida, la muerte y la existencia. Figura en las listas -incluso del Vaticano- entre las mejores pel\u00edculas de la historia del cine. Obra maestra capaz de demostrar que el cine tambi\u00e9n puede expresar lo invisible y lo intangible del alma humana.<\/span>\r\n<span style=\"color: #000000;\">\u00a0<\/span><\/p>\r\n<p style=\"text-align: left;\"><span style=\"color: #000000;\">Teatro de las Am\u00e9ricas del CCPA. Entrada libre y gratuita, con la aceptaci\u00f3n de aportes voluntarios de los espectadores.<\/span>\r\n<span style=\"color: #000000;\">\u00a0\u00a0<\/span><\/p>\r\n<p style=\"text-align: left;\"><span style=\"color: #000000;\">INFORMES: https:\/\/www.facebook.com\/cinematecapy y tel. (021) 509 436 o (021) 224 831.<\/span><\/p>\r\n<p style=\"text-align: left;\"><span style=\"color: #000000;\">Fuente: cinematecapy<\/span><\/p>","protected":false},"excerpt":{"rendered":"<p>Ciclo de Cine.\u00a0 \u00a0 En el 2019 se cumple el 30\u00ba Aniversario de la Fundaci\u00f3n Cinemateca y Archivo Visual del Paraguay y en el marco de las celebraciones ofrecer\u00e1 una programaci\u00f3n de cl\u00e1sicos antiguos del cine dedicado a la memoria de Oscar Trinidad, precursor de la cultura cinematogr\u00e1fica en Paraguay. \u00a0 El Ciclo de Cine<\/p>\n<div class=\"read-more\"><a href=\"http:\/\/www.cid.com.py\/v1\/2371\" title=\"Read More\">Read More<\/a><\/div>\n","protected":false},"author":5,"featured_media":2373,"comment_status":"open","ping_status":"open","sticky":false,"template":"","format":"standard","meta":{"footnotes":""},"categories":[12],"tags":[1472,970,1456,379,1470,1471,647,1399],"class_list":{"0":"post-2371","1":"post","2":"type-post","3":"status-publish","4":"format-standard","5":"has-post-thumbnail","7":"category-arte-y-espectaculos","8":"tag-30-aniversario","9":"tag-ccpa","10":"tag-ciclo-de-cine","11":"tag-cine","12":"tag-cinemateca","13":"tag-fundacion-cinemateca","14":"tag-maestros-del-arte","15":"tag-oscar-trinidad"},"_links":{"self":[{"href":"http:\/\/www.cid.com.py\/v1\/wp-json\/wp\/v2\/posts\/2371"}],"collection":[{"href":"http:\/\/www.cid.com.py\/v1\/wp-json\/wp\/v2\/posts"}],"about":[{"href":"http:\/\/www.cid.com.py\/v1\/wp-json\/wp\/v2\/types\/post"}],"author":[{"embeddable":true,"href":"http:\/\/www.cid.com.py\/v1\/wp-json\/wp\/v2\/users\/5"}],"replies":[{"embeddable":true,"href":"http:\/\/www.cid.com.py\/v1\/wp-json\/wp\/v2\/comments?post=2371"}],"version-history":[{"count":4,"href":"http:\/\/www.cid.com.py\/v1\/wp-json\/wp\/v2\/posts\/2371\/revisions"}],"predecessor-version":[{"id":2377,"href":"http:\/\/www.cid.com.py\/v1\/wp-json\/wp\/v2\/posts\/2371\/revisions\/2377"}],"wp:featuredmedia":[{"embeddable":true,"href":"http:\/\/www.cid.com.py\/v1\/wp-json\/wp\/v2\/media\/2373"}],"wp:attachment":[{"href":"http:\/\/www.cid.com.py\/v1\/wp-json\/wp\/v2\/media?parent=2371"}],"wp:term":[{"taxonomy":"category","embeddable":true,"href":"http:\/\/www.cid.com.py\/v1\/wp-json\/wp\/v2\/categories?post=2371"},{"taxonomy":"post_tag","embeddable":true,"href":"http:\/\/www.cid.com.py\/v1\/wp-json\/wp\/v2\/tags?post=2371"}],"curies":[{"name":"wp","href":"https:\/\/api.w.org\/{rel}","templated":true}]}}