{"id":2536,"date":"2019-07-28T14:12:47","date_gmt":"2019-07-28T14:12:47","guid":{"rendered":"http:\/\/www.cid.com.py\/v1\/?p=2536"},"modified":"2019-07-28T14:12:47","modified_gmt":"2019-07-28T14:12:47","slug":"amistadla-mas-bella-por-siempre","status":"publish","type":"post","link":"http:\/\/www.cid.com.py\/v1\/2536","title":{"rendered":"Amistad,\u00bbla mas bella por siempre\u00bb"},"content":{"rendered":"<p style=\"text-align: left;\"><span style=\"color: #000000;\"><strong>Cinemarte.<\/strong><\/span><\/p>\r\n<p style=\"text-align: left;\"><a href=\"http:\/\/www.cid.com.py\/v1\/wp-content\/uploads\/2019\/07\/mail1.jpeg\"><img loading=\"lazy\" decoding=\"async\" class=\"alignleft size-thumbnail wp-image-2537\" src=\"http:\/\/www.cid.com.py\/v1\/wp-content\/uploads\/2019\/07\/mail1-150x150.jpeg\" alt=\"mail\" width=\"150\" height=\"150\" \/><\/a><\/p>\r\n<p style=\"text-align: left;\"><span style=\"color: #000000;\">PROGRAMACI\u00d3N \u00daLTIMO MARTES DE JULIO\u00a0EN CINE VILLAMORRA<\/span>\r\n<span style=\"color: #000000;\">CINEMARTE anuncia la programaci\u00f3n del martes 30 y t\u00edtulos destacados para agosto.<\/span>\r\n<span style=\"color: #000000;\">Para celebrar el D\u00eda de la Amistad CINEMARTE trae este martes 30 de julio a las 20 hrs. la reprise \u00faltima de AMORES FR\u00c1GILES (Amori che non sanno stare al mondo, 2017) de Francesca Comencini; y a las 22 hrs. la exhibici\u00f3n de POLINA (Polina, danser sa vie, 2016) de Angelin Preljocaj y Val\u00e9rie M\u00fcller. Ambas pel\u00edculas son en idioma original con subt\u00edtulos en castellano. La temporada cuenta con el apoyo de la Embajada de Italia y de la Alianza Francesa.<\/span><\/p>\r\n<p style=\"text-align: left;\"><span style=\"color: #000000;\">El precio de las entradas es: Gs. 35.000 general y Gs. 25.000 para estudiantes o menores de 25 a\u00f1os. Se pueden adquirir ese mismo d\u00eda en boleter\u00eda del Cine Villamorra. Al finalizar la primera funci\u00f3n los presentes podr\u00e1n participar de un debate que enriquecer\u00e1 la experiencia.<\/span><\/p>\r\n<p style=\"text-align: left;\"><span style=\"color: #000000;\">La nutrida programaci\u00f3n para agosto traer\u00e1 otros estrenos destacados de Francia, Italia e Ir\u00e1n: LA M\u00c1S BELLA, POR SIEMPRE J\u00d3VENES, LATIN LOVER y TAXI.<\/span>\r\n<span style=\"color: #000000;\">LAS PEL\u00cdCULAS<\/span>\r\n\r\n<span style=\"color: #000000;\">AMORES FR\u00c1GILES (Amori che non sanno stare al mondo, Italia 2017; 92 min.) &#8211; Direcci\u00f3n: Francesca Comencini &#8211; Guion: Francesca Comencini, Francesca Manieri y Laura Paolucci \u2013 Fotograf\u00eda: Valerio Azzali &#8211; Con: Lucia Mascino, Thomas Trabacchi,\u00a0 Carlotta Natoli\u00a0 y otros \u2013 M15 a\u00f1os \u2013 Mejor Actriz en el Festival Internacional de Bari y Nominada al Globo de Oro.<\/span><\/p>\r\n<p style=\"text-align: left;\"><span style=\"color: #000000;\">La directora (hija del legendario director Luigi Comencini) se bas\u00f3 en su propia novela para reflexionar sobre el amor, el fantasma de una pasi\u00f3n y la forma en que una mujer independiente es abrumada por una relaci\u00f3n marchita. Los profesores universitarios Claudia y Flavio coincidieron en una atracci\u00f3n intelectual que los uni\u00f3 y compartieron una pasi\u00f3n fuerte pero tambi\u00e9n inestable durante 7 a\u00f1os. Tras idas y vueltas, un d\u00eda termina todo de golpe. \u00c9l tiene\u00a0apuro por superar lo vivido, ella no quisiera olvidar nunca.<\/span><\/p>\r\n<p style=\"text-align: left;\"><span style=\"color: #000000;\">Desde una perspectiva femenina, esta comedia dram\u00e1tica descubre con honestidad, lucidez y cierta desnudez emocional que no teme caer en la verg\u00fcenza, el rid\u00edculo y la histeria depresiva, a un hombre y una mujer unidos por los mismos ego\u00edsmos, neurosis e inseguridades, una pareja que se expresa y filosofa sobre el amor y el desamor, sin poder encontrar su lugar en el mundo. Una propuesta interesante y bien italiana en el que se destacan el gran desempe\u00f1o del actor Mascino, varias escenas muy seductoras y algunas ingeniosas notas sobre el valor sexual de una mujer de mediana edad en la sociedad capitalista actual.<\/span>\r\n\r\n<span style=\"color: #000000;\">POLINA (Polina, danser sa vie, Francia 2016; 108 min.) &#8211; Direcci\u00f3n: Angelin Preljocaj y Val\u00e9rie M\u00fcller &#8211; Gui\u00f3n: Valerie M\u00fcller, Seg\u00fan El Comic-Book de Bastien Viv\u00e9s \u2013 Fotograf\u00eda color: Georges Lechaptois \u2013 Con: Juliette Binoche, Niels Schneider, Miglen Mirtchev, Aleksey Guskov y otros \u2013 M15 a\u00f1os<\/span><\/p>\r\n<p style=\"text-align: left;\"><span style=\"color: #000000;\">Proveniente de una modesta familia rusa, la ni\u00f1a Polina estudia ballet cl\u00e1sico. Tras a\u00f1os de dificultades logra ingresar al prestigioso Bolshoi, donde conoce a un colega franc\u00e9s con el que su vida cambia para siempre. La joven se va a Francia y se gira hacia el baile moderno, luego la improvisaci\u00f3n y la coreograf\u00eda. La evoluci\u00f3n y transformaci\u00f3n de esta hero\u00edna, lejos de la magia y la fantas\u00eda de los musicales de Hollywood, es retratada con realismo contempor\u00e1neo y en impresionantes piezas de baile del aclamado core\u00f3grafo Angelin Preljocaj.<\/span><\/p>\r\n<p style=\"text-align: left;\"><span style=\"color: #000000;\">Basada en una exitosa historia gr\u00e1fica publicada en diez idiomas, esta pel\u00edcula hablada en ruso y franc\u00e9s ofrece una verdadera inmersi\u00f3n en el maravilloso mundo de la danza y en el sacrificio de las familias y de las bailarinas por lograr el m\u00e1s alto nivel; as\u00ed tambi\u00e9n una reflexi\u00f3n sobre la vocaci\u00f3n art\u00edstica, sobre el sentido final del arte y sobre la b\u00fasqueda de la identidad. Una obra bella y po\u00e9tica, con una banda musical de lo m\u00e1s variada (cl\u00e1sico, barroco, rom\u00e1ntico, moderno, techno), con impresionantes actuaciones de Anastasia Shevtsova (talentosa bailarina de la Academia Vaganova en San Petersburgo), Juliette Binoche y Niels Schneider.<\/span><\/p>\r\n<p style=\"text-align: left;\"><span style=\"color: #000000;\">Fuente: fundaci\u00f3n cinemateca\u00a0<\/span><\/p>","protected":false},"excerpt":{"rendered":"<p>Cinemarte. PROGRAMACI\u00d3N \u00daLTIMO MARTES DE JULIO\u00a0EN CINE VILLAMORRA CINEMARTE anuncia la programaci\u00f3n del martes 30 y t\u00edtulos destacados para agosto. Para celebrar el D\u00eda de la Amistad CINEMARTE trae este martes 30 de julio a las 20 hrs. la reprise \u00faltima de AMORES FR\u00c1GILES (Amori che non sanno stare al mondo, 2017) de Francesca Comencini;<\/p>\n<div class=\"read-more\"><a href=\"http:\/\/www.cid.com.py\/v1\/2536\" title=\"Read More\">Read More<\/a><\/div>\n","protected":false},"author":5,"featured_media":2537,"comment_status":"open","ping_status":"open","sticky":false,"template":"","format":"standard","meta":{"footnotes":""},"categories":[12],"tags":[1559,379,1526,1443,1471,1560,1561],"class_list":{"0":"post-2536","1":"post","2":"type-post","3":"status-publish","4":"format-standard","5":"has-post-thumbnail","7":"category-arte-y-espectaculos","8":"tag-amores-fragiles","9":"tag-cine","10":"tag-cine-villamorra","11":"tag-cinemarte","12":"tag-fundacion-cinemateca","13":"tag-polina","14":"tag-villamorra"},"_links":{"self":[{"href":"http:\/\/www.cid.com.py\/v1\/wp-json\/wp\/v2\/posts\/2536"}],"collection":[{"href":"http:\/\/www.cid.com.py\/v1\/wp-json\/wp\/v2\/posts"}],"about":[{"href":"http:\/\/www.cid.com.py\/v1\/wp-json\/wp\/v2\/types\/post"}],"author":[{"embeddable":true,"href":"http:\/\/www.cid.com.py\/v1\/wp-json\/wp\/v2\/users\/5"}],"replies":[{"embeddable":true,"href":"http:\/\/www.cid.com.py\/v1\/wp-json\/wp\/v2\/comments?post=2536"}],"version-history":[{"count":1,"href":"http:\/\/www.cid.com.py\/v1\/wp-json\/wp\/v2\/posts\/2536\/revisions"}],"predecessor-version":[{"id":2538,"href":"http:\/\/www.cid.com.py\/v1\/wp-json\/wp\/v2\/posts\/2536\/revisions\/2538"}],"wp:featuredmedia":[{"embeddable":true,"href":"http:\/\/www.cid.com.py\/v1\/wp-json\/wp\/v2\/media\/2537"}],"wp:attachment":[{"href":"http:\/\/www.cid.com.py\/v1\/wp-json\/wp\/v2\/media?parent=2536"}],"wp:term":[{"taxonomy":"category","embeddable":true,"href":"http:\/\/www.cid.com.py\/v1\/wp-json\/wp\/v2\/categories?post=2536"},{"taxonomy":"post_tag","embeddable":true,"href":"http:\/\/www.cid.com.py\/v1\/wp-json\/wp\/v2\/tags?post=2536"}],"curies":[{"name":"wp","href":"https:\/\/api.w.org\/{rel}","templated":true}]}}