{"id":2630,"date":"2019-11-05T01:47:25","date_gmt":"2019-11-05T01:47:25","guid":{"rendered":"http:\/\/www.cid.com.py\/v1\/?p=2630"},"modified":"2019-11-05T01:47:25","modified_gmt":"2019-11-05T01:47:25","slug":"cinefilos-ultima-pasada","status":"publish","type":"post","link":"http:\/\/www.cid.com.py\/v1\/2630","title":{"rendered":"Cin\u00e9filos, \u00faltima pasada"},"content":{"rendered":"<p style=\"text-align: left;\"><span style=\"color: #000000;\"><strong>Cine Villamorra.<\/strong><\/span><\/p>\r\n<p style=\"text-align: left;\"><a href=\"http:\/\/www.cid.com.py\/v1\/wp-content\/uploads\/2019\/11\/CB7CDF7A-8B89-4CE3-AEE0-1682D2019171.png\"><img loading=\"lazy\" decoding=\"async\" class=\"alignleft size-thumbnail wp-image-2631\" src=\"http:\/\/www.cid.com.py\/v1\/wp-content\/uploads\/2019\/11\/CB7CDF7A-8B89-4CE3-AEE0-1682D2019171-150x150.png\" alt=\"CB7CDF7A-8B89-4CE3-AEE0-1682D2019171\" width=\"150\" height=\"150\" srcset=\"http:\/\/www.cid.com.py\/v1\/wp-content\/uploads\/2019\/11\/CB7CDF7A-8B89-4CE3-AEE0-1682D2019171-150x150.png 150w, http:\/\/www.cid.com.py\/v1\/wp-content\/uploads\/2019\/11\/CB7CDF7A-8B89-4CE3-AEE0-1682D2019171-300x300.png 300w, http:\/\/www.cid.com.py\/v1\/wp-content\/uploads\/2019\/11\/CB7CDF7A-8B89-4CE3-AEE0-1682D2019171.png 640w\" sizes=\"(max-width: 150px) 100vw, 150px\" \/><\/a><\/p>\r\n<p style=\"text-align: left;\"><span style=\"color: #000000;\">Inicia noviembre y CINEMARTE propone un estreno y una reprise para este martes 5 de noviembre.<\/span>\r\n<span style=\"color: #000000;\">En exclusiva para los amantes del cine, a las 20 hs., llega el IMPERDIBLE ESTRENO de EL CISNE (Islandia\/Estonia\/Alemania, 2018) de \u00c1sa Helga Hj\u00f6rleifsd\u00f3ttir.<\/span><\/p>\r\n<p style=\"text-align: left;\">\r\n<span style=\"color: #000000;\">\u00a0<\/span>\r\n<span style=\"color: #000000;\">A las 22 hs. el p\u00fablico podr\u00e1 disfrutar de la reprise de la aplaudida pel\u00edcula PARA\u00cdSO (Rusia, 2016) de Andrei Konchalovsky.<\/span><\/p>\r\n<p style=\"text-align: left;\"><span style=\"color: #000000;\">\u00a0<\/span>\r\n<span style=\"color: #000000;\">Ambas pel\u00edculas son en idioma original con subt\u00edtulos en castellano. Al finalizar la primera funci\u00f3n los presentes podr\u00e1n participar de un debate que enriquecer\u00e1 la experiencia.<\/span><\/p>\r\n<p style=\"text-align: left;\"><span style=\"color: #000000;\">\u00a0<\/span>\r\n<span style=\"color: #000000;\">El precio de las entradas es: Gs. 35.000 general y Gs. 25.000 para estudiantes o menores de 25 a\u00f1os. Se pueden adquirir ese mismo d\u00eda en boleter\u00eda del Cine Villamorra.<\/span>\r\n<span style=\"color: #000000;\">LAS PEL\u00cdCULAS<\/span><\/p>\r\n<p style=\"text-align: left;\">\r\n<span style=\"color: #000000;\"><strong>ESTRENO EXCLUSIVO<\/strong> \u2013 Una imperdible pel\u00edcula de Islandia<\/span>\r\n<span style=\"color: #000000;\">EL CISNE (Svanurinn \/ The Swan; Islandia \/ Estonia \/ Alemania 2018; 91 min.)\u2013 Director y Guionista: \u00c1sa Helga Hj\u00f6rleifsd\u00f3ttir; basada en la novela hom\u00f3nima de Gu\u00f0bergur Bergsson &#8211; Fotograf\u00eda: Martin Neumeyer &#8211; Con: Gr\u00edma Valsd\u00f3ttir, Thor Kristjansson,<\/span>Bl\u00e6r J\u00f3hannsd\u00f3ttir y otros \u2013 M15<\/p>\r\n<p style=\"text-align: left;\"><\/p>\r\n<p style=\"text-align: left;\"><span style=\"color: #000000;\">Premio a la Innovaci\u00f3n en Cine en el Festival Internacional de Cine de Calcuta; Premio Mejor Pel\u00edcula Cinema del Ma\u00f1ana en el Festival Internacional de Cine de El Cairo.<\/span><\/p>\r\n<p style=\"text-align: left;\"><\/p>\r\n<p style=\"text-align: left;\"><span style=\"color: #000000;\">A una casa de campo en la Islandia rural actual llega S\u00f3l, una ni\u00f1a rebelde y so\u00f1adora de 9 a\u00f1os. Sus padres la enviaron junto a unos t\u00edos para madurar y endurecer su car\u00e1cter con la dura vida de granja durante el verano. All\u00ed comparte la habitaci\u00f3n con J\u00f3n, un joven campesino que escribe todas las noches y cautiva su atenci\u00f3n. Cuando vuelve a la casa la hija adolescente de los granjeros, trastornada por serios problemas emocionales, S\u00f3l se ve enredada en situaciones que apenas puede comprender y queda fascinada por la leyenda de un monstruo que se transforma en un cisne para atraer a sus presas.<\/span>\r\n<span style=\"color: #000000;\">\u00a0<\/span><\/p>\r\n<p style=\"text-align: left;\"><span style=\"color: #000000;\">Los impresionantes paisajes de Islandia, con su sensualidad topogr\u00e1fica y el sol cerca del horizonte en las noches, sirven de contexto a esta f\u00e1bula n\u00f3rdica de resonancias m\u00edticas y almas solitarias. El delicado juego de im\u00e1genes y sonidos mezcla el naturalismo con un impresionismo on\u00edrico para narrar los cambios que va viviendo la protagonista. Un po\u00e9tico relato de crecimiento y descubrimiento sobre las complejidades del mundo de los adultos, sobre la vida y la muerte, sobre los misterios de la naturaleza y de la escritura.<\/span><\/p>\r\n<p style=\"text-align: left;\">\r\n\r\n<span style=\"color: #000000;\"><strong>\u00daLTIMA PASADA<\/strong> \u2013 Una pel\u00edcula para cin\u00e9filos<\/span>\r\n<span style=\"color: #000000;\">PARA\u00cdSO (Rai, Rusia 2016; 130 min.) &#8211; Director: Andrei Konchalovsky \u2013 Gui\u00f3n: Elena Kiseleva y Andrey Konchalovsky \u2013 Fotograf\u00eda ByN: Aleksandr Simonov \u2013 Con: Yuliya Vysotskaya, Christian Clauss, Philippe Duquesne, Peter Kurth y otros \u2013 M15 a\u00f1os<\/span>\r\n<span style=\"color: #000000;\">\u00a0<\/span><\/p>\r\n<p style=\"text-align: left;\">\r\n<span style=\"color: #000000;\">Le\u00f3n de Plata Mejor Director en el Festival de Venecia; Mejor Actriz, Fotograf\u00eda y Premio del Jurado Joven, Festival de Gij\u00f3n; Mejor Gui\u00f3n Astor de Plata en el Festival de Mar del Plata; Premio a la Trayectoria Festival de Munich Alemania; Mejor Pel\u00edcula, Director y Actriz por la Academia de Cine de Rusia, entre otros premios.<\/span>\r\n<span style=\"color: #000000;\">\u00a0<\/span><\/p>\r\n<p style=\"text-align: left;\">\r\n<span style=\"color: #000000;\">Durante la II Guerra Mundial se cruzan los destinos de un funcionario franc\u00e9s colaborador de la ocupaci\u00f3n nazi, una arist\u00f3crata rusa apresada por proteger ni\u00f1os jud\u00edos y un oficial de las SS que audita los campos de concentraci\u00f3n. El t\u00edtulo se refiere a la sociedad ut\u00f3pica que pretend\u00eda Adolf Hitler, con menciones directas a la construcci\u00f3n de una Alemania perfecta en Paraguay. Muchas pel\u00edculas se han hecho sobre el Holocausto pero \u00e9sta ofrece algo diferente. Con 80 a\u00f1os, el polifac\u00e9tico y vers\u00e1til Andrei Konchalovsky (Siberiada, Los amantes de Mar\u00eda, Escape en tren) alcanz\u00f3 el cenit de su carrera con esta pel\u00edcula dura, arriesgada y brillante.<\/span><\/p>\r\n<p style=\"text-align: left;\">\r\n<span style=\"color: #000000;\">\u00a0<\/span>\r\n<span style=\"color: #000000;\">La pel\u00edcula del veterano director ruso es una combinaci\u00f3n inventiva, creativa y ambiciosa del hecho hist\u00f3rico m\u00e1s tr\u00e1gico del siglo XX, sin los impactos y sentimentalismos del cine norteamericano, sin escenas b\u00e9lica, hablada en varios idiomas y con una estructura narrativa que oscila entre el pasado, el presente y una dimensi\u00f3n metaf\u00edsica. Konchalovsky y sus colaboradores optaron por una rotunda autenticidad dram\u00e1tica, con actores desconocidos y el cuidado m\u00e1ximo de los detalles, el cuadro de cine antiguo y una maravillosa fotograf\u00eda en blanco y negro con un excelente uso de iluminaci\u00f3n. Pero lo que logra fundamentalmente esta obra, como ninguna otra, es un grado de intimidad con la complejidad de los personajes, un estudio brillante de las motivaciones humanas y una reflexi\u00f3n sobre la responsabilidad individual, determinada por las decisiones que cada uno toma a cada paso para elegir hacer el bien o no. Art\u00edstico, informativo y trascendente, un filme muy recomendable para los amantes del cine.<\/span><\/p>\r\n<p style=\"text-align: left;\"><\/p>\r\n<p style=\"text-align: left;\"><span style=\"color: #000000;\">Fuente: fundaci\u00f3n Cinemateca\u00a0<\/span><\/p>","protected":false},"excerpt":{"rendered":"<p>Cine Villamorra. Inicia noviembre y CINEMARTE propone un estreno y una reprise para este martes 5 de noviembre. En exclusiva para los amantes del cine, a las 20 hs., llega el IMPERDIBLE ESTRENO de EL CISNE (Islandia\/Estonia\/Alemania, 2018) de \u00c1sa Helga Hj\u00f6rleifsd\u00f3ttir. \u00a0 A las 22 hs. el p\u00fablico podr\u00e1 disfrutar de la reprise de<\/p>\n<div class=\"read-more\"><a href=\"http:\/\/www.cid.com.py\/v1\/2630\" title=\"Read More\">Read More<\/a><\/div>\n","protected":false},"author":5,"featured_media":2631,"comment_status":"closed","ping_status":"closed","sticky":false,"template":"","format":"image","meta":{"footnotes":""},"categories":[12],"tags":[379,1526,1148],"class_list":{"0":"post-2630","1":"post","2":"type-post","3":"status-publish","4":"format-image","5":"has-post-thumbnail","7":"category-arte-y-espectaculos","8":"tag-cine","9":"tag-cine-villamorra","10":"tag-estreno","11":"post_format-post-format-image"},"_links":{"self":[{"href":"http:\/\/www.cid.com.py\/v1\/wp-json\/wp\/v2\/posts\/2630"}],"collection":[{"href":"http:\/\/www.cid.com.py\/v1\/wp-json\/wp\/v2\/posts"}],"about":[{"href":"http:\/\/www.cid.com.py\/v1\/wp-json\/wp\/v2\/types\/post"}],"author":[{"embeddable":true,"href":"http:\/\/www.cid.com.py\/v1\/wp-json\/wp\/v2\/users\/5"}],"replies":[{"embeddable":true,"href":"http:\/\/www.cid.com.py\/v1\/wp-json\/wp\/v2\/comments?post=2630"}],"version-history":[{"count":3,"href":"http:\/\/www.cid.com.py\/v1\/wp-json\/wp\/v2\/posts\/2630\/revisions"}],"predecessor-version":[{"id":2634,"href":"http:\/\/www.cid.com.py\/v1\/wp-json\/wp\/v2\/posts\/2630\/revisions\/2634"}],"wp:featuredmedia":[{"embeddable":true,"href":"http:\/\/www.cid.com.py\/v1\/wp-json\/wp\/v2\/media\/2631"}],"wp:attachment":[{"href":"http:\/\/www.cid.com.py\/v1\/wp-json\/wp\/v2\/media?parent=2630"}],"wp:term":[{"taxonomy":"category","embeddable":true,"href":"http:\/\/www.cid.com.py\/v1\/wp-json\/wp\/v2\/categories?post=2630"},{"taxonomy":"post_tag","embeddable":true,"href":"http:\/\/www.cid.com.py\/v1\/wp-json\/wp\/v2\/tags?post=2630"}],"curies":[{"name":"wp","href":"https:\/\/api.w.org\/{rel}","templated":true}]}}