{"id":2695,"date":"2020-02-11T02:35:05","date_gmt":"2020-02-11T02:35:05","guid":{"rendered":"http:\/\/www.cid.com.py\/v1\/?p=2695"},"modified":"2020-02-18T22:15:48","modified_gmt":"2020-02-18T22:15:48","slug":"ciclo-de-cine-20202","status":"publish","type":"post","link":"http:\/\/www.cid.com.py\/v1\/2695","title":{"rendered":"Ciclo de cine 2020"},"content":{"rendered":"<p style=\"text-align: left;\"><span style=\"color: #000000;\"><strong>Grandes maestros.<\/strong><\/span><\/p>\r\n<p style=\"text-align: left;\"><a href=\"http:\/\/www.cid.com.py\/v1\/wp-content\/uploads\/2020\/02\/2A637899-B515-4050-951A-F308052CCF02.jpeg\"><img loading=\"lazy\" decoding=\"async\" class=\"alignleft size-thumbnail wp-image-2696\" src=\"http:\/\/www.cid.com.py\/v1\/wp-content\/uploads\/2020\/02\/2A637899-B515-4050-951A-F308052CCF02-150x150.jpeg\" alt=\"2A637899-B515-4050-951A-F308052CCF02\" width=\"150\" height=\"150\" srcset=\"http:\/\/www.cid.com.py\/v1\/wp-content\/uploads\/2020\/02\/2A637899-B515-4050-951A-F308052CCF02-150x150.jpeg 150w, http:\/\/www.cid.com.py\/v1\/wp-content\/uploads\/2020\/02\/2A637899-B515-4050-951A-F308052CCF02-300x300.jpeg 300w, http:\/\/www.cid.com.py\/v1\/wp-content\/uploads\/2020\/02\/2A637899-B515-4050-951A-F308052CCF02-1024x1024.jpeg 1024w, http:\/\/www.cid.com.py\/v1\/wp-content\/uploads\/2020\/02\/2A637899-B515-4050-951A-F308052CCF02.jpeg 1080w\" sizes=\"(max-width: 150px) 100vw, 150px\" \/><\/a><\/p>\r\n\r\n<table class=\"yiv9218816652mcnTextBlock\" border=\"0\" width=\"100%\" cellspacing=\"0\" cellpadding=\"0\">\r\n<tbody class=\"yiv9218816652mcnTextBlockOuter\">\r\n<tr>\r\n<td class=\"yiv9218816652mcnTextBlockInner\" valign=\"top\">\r\n<table class=\"yiv9218816652mcnTextContentContainer\" border=\"0\" width=\"100%\" cellspacing=\"0\" cellpadding=\"0\" align=\"left\">\r\n<tbody>\r\n<tr>\r\n<td class=\"yiv9218816652mcnTextContent\" valign=\"top\">\r\n<div><strong>CICLO DE CINE EN CELEBRACI\u00d3N DEL 30 ANIVERSARIO DE LA <\/strong><strong>FUNDACI\u00d3N<\/strong><strong>\u00a0CINEMATECA DEL PARAGUAY<\/strong><\/div><\/td>\r\n<\/tr>\r\n<\/tbody>\r\n<\/table>\r\n<\/td>\r\n<\/tr>\r\n<\/tbody>\r\n<\/table>\r\n<table class=\"yiv9218816652mcnTextBlock\" border=\"0\" width=\"100%\" cellspacing=\"0\" cellpadding=\"0\">\r\n<tbody class=\"yiv9218816652mcnTextBlockOuter\">\r\n<tr>\r\n<td class=\"yiv9218816652mcnTextBlockInner\" valign=\"top\">\r\n<table class=\"yiv9218816652mcnTextContentContainer\" border=\"0\" width=\"100%\" cellspacing=\"0\" cellpadding=\"0\" align=\"left\">\r\n<tbody>\r\n<tr>\r\n<td class=\"yiv9218816652mcnTextContent\" valign=\"top\">El Ciclo de Cine GRANDES MAESTROS DEL 7\u00ba ARTE 2020 celebra el 30 Aniversario de la Fundaci\u00f3n Cinemateca del Paraguay y los 125 A\u00f1os Nacimiento del Cine,\u00a0est\u00e1 dedicado a la Memoria de Oscar Trinidad\u00a0y a los queridos amigos y miembros fundadores Marciano Centuri\u00f3n y Antonio Carmona (fallecidos en el 2018 y 2019 respectivamente).<\/td>\r\n<\/tr>\r\n<\/tbody>\r\n<\/table>\r\n<\/td>\r\n<\/tr>\r\n<\/tbody>\r\n<\/table>\r\n<table class=\"yiv9218816652mcnTextBlock\" border=\"0\" width=\"100%\" cellspacing=\"0\" cellpadding=\"0\">\r\n<tbody class=\"yiv9218816652mcnTextBlockOuter\">\r\n<tr>\r\n<td class=\"yiv9218816652mcnTextBlockInner\" valign=\"top\">\r\n<table class=\"yiv9218816652mcnTextContentContainer\" border=\"0\" width=\"100%\" cellspacing=\"0\" cellpadding=\"0\" align=\"left\">\r\n<tbody>\r\n<tr>\r\n<td class=\"yiv9218816652mcnTextContent\" valign=\"top\">\r\n<div>La <strong>Fundaci\u00f3n Cinemateca y Archivo Visual del Paraguay<\/strong>, entidad privada sin fines de lucro fundada en 1989, es la m\u00e1s antigua instituci\u00f3n dedicada a la cinematograf\u00eda en nuestro pa\u00eds. Naci\u00f3 con los objetivos de promover la cultura cinematogr\u00e1fica y generar \u201cuna identidad visual paraguaya\u201d a trav\u00e9s del rescate, la preservaci\u00f3n, la promoci\u00f3n y la difusi\u00f3n del patrimonio audiovisual nacional.Asumiendo el abandono en que se encontraba esta \u00e1rea de la cultura, la Fundaci\u00f3n Cinemateca inici\u00f3 sus actividades en marzo 1990 con la presencia de Fernando Pino Solanas y sus filmes. Desde entonces, ha concretado ambiciosos proyectos con aportes espor\u00e1dicos del sector estatal, municipal y privado. En los a\u00f1os 90 propici\u00f3 la instalaci\u00f3n del <strong>Festival Cinematogr\u00e1fico Internacional de Asunci\u00f3n<\/strong>, convertido luego en <strong>Festival Internacional de Cine \u2013Arte y Cultura\u2013 del Paraguay<\/strong> (28 ediciones), la realizaci\u00f3n de decenas de ciclos de cine de Am\u00e9rica, Europa, Asia y \u00c1frica, la presencia de personalidades de la cinematograf\u00eda internacional que aportaron a la formaci\u00f3n de p\u00fablico y capacitaci\u00f3n de profesionales locales, y convocatorias a becas para la Escuela Internacional de Cine y TV de San Antonio de los Ba\u00f1os, Cuba. Adem\u00e1s promovi\u00f3 la fundaci\u00f3n de otras entidades del audiovisual paraguayo (OPRAP, CAMPRO y DOCPY) y la integraci\u00f3n audiovisual del Mercosur (hoy RECAM).\r\n\r\nDesde entonces ha contribuido a la instauraci\u00f3n del <strong>FESTIDOC PY<\/strong> (<strong>Festival y Seminario Internacional de Documentales en Paraguay<\/strong>), la producci\u00f3n de la <strong>Primera Muestra Itinerante del Video Paraguayo<\/strong>, publicaciones bibliogr\u00e1ficas (colecci\u00f3n <strong>Lecturas de Cine<\/strong>) y el largometraje <strong><em>El Port\u00f3n de los Sue\u00f1os, vida y obra de Augusto Roa Bastos<\/em><\/strong>. En el \u00e1mbito de la preservaci\u00f3n y el rescate est\u00e1n el documental <strong><em>En el Infierno del Chaco<\/em><\/strong> de 1932, el largometraje de ficci\u00f3n <strong><em>La Sangre y la Semilla<\/em><\/strong> de 1959, el DVD <strong><em>Dominique Dubosc en Paraguay<\/em><\/strong> (cortos de 1968-9) y la exposici\u00f3n <strong><em>Memoria F\u00edlmica del Paraguay 2018<\/em><\/strong>. En el \u00e1rea de la capacitaci\u00f3n docente y estudiantil inici\u00f3 el programa <strong>Cine Educaci\u00f3n y Cultura<\/strong> como continuidad del programa <strong>Cine para la Infancia y la Juventud.<\/strong>\r\n\r\n<strong>Miembros directivos y activos<\/strong>: Hugo Gamarra E. (presidente), \u00c1ngel Centuri\u00f3n (tesorero), Agust\u00edn Nu\u00f1ez (vocal), Raimundo Armele, Richard Baddouh, Dirma Pardo y Liliana Segovia.\r\n\r\n<\/div><\/td>\r\n<\/tr>\r\n<\/tbody>\r\n<\/table>\r\n<\/td>\r\n<\/tr>\r\n<\/tbody>\r\n<\/table>\r\n<table class=\"yiv9218816652mcnTextBlock\" border=\"0\" width=\"100%\" cellspacing=\"0\" cellpadding=\"0\">\r\n<tbody class=\"yiv9218816652mcnTextBlockOuter\">\r\n<tr>\r\n<td class=\"yiv9218816652mcnTextBlockInner\" valign=\"top\">\r\n<table class=\"yiv9218816652mcnTextContentContainer\" border=\"0\" width=\"100%\" cellspacing=\"0\" cellpadding=\"0\" align=\"left\">\r\n<tbody>\r\n<tr>\r\n<td class=\"yiv9218816652mcnTextContent\" valign=\"top\">\r\n<div><strong>PRESENTACI\u00d3N<\/strong><\/div><\/td>\r\n<\/tr>\r\n<\/tbody>\r\n<\/table>\r\n<\/td>\r\n<\/tr>\r\n<\/tbody>\r\n<\/table>\r\n<table class=\"yiv9218816652mcnTextBlock\" border=\"0\" width=\"100%\" cellspacing=\"0\" cellpadding=\"0\">\r\n<tbody class=\"yiv9218816652mcnTextBlockOuter\">\r\n<tr>\r\n<td class=\"yiv9218816652mcnTextBlockInner\" valign=\"top\">\r\n<table class=\"yiv9218816652mcnTextContentContainer\" border=\"0\" width=\"100%\" cellspacing=\"0\" cellpadding=\"0\" align=\"left\">\r\n<tbody>\r\n<tr>\r\n<td class=\"yiv9218816652mcnTextContent\" valign=\"top\">\r\n<div>A partir de la segunda d\u00e9cada del siglo XX y la propuesta del cr\u00edtico italiano Ricciotto Canudo, el cine fue reconocido como 7\u00ba Arte, sum\u00e1ndose a las artes antiguas: pintura, escultura, danza, m\u00fasica, arquitectura y literatura. En pleno auge industrial, la cinematograf\u00eda fue demostrando su potencia est\u00e9tica y narrativa gracias a las innovaciones, riesgos y compromisos de cineastas que elevaron el arte cinematogr\u00e1fico con sus sellos inconfundibles de autores.Las pel\u00edculas de diez maestros aqu\u00ed presentadas se ocupan de temas inherentes a la condici\u00f3n humana, ejercen la ambig\u00fcedad, densidad e inmortalidad propia del arte, siguen generando asombro, fascinaci\u00f3n, deleite, debate y permiten apreciaciones desde diferentes lecturas y disciplinas. Recordemos que el cine no es solo diversi\u00f3n y (el primer) arte para p\u00fablico de masas, ya que posee la gran virtud de informar y formar a trav\u00e9s de experiencias afectivas y cognitivas.\r\n\r\nLes invitamos a promover juntos los aspectos educativos y morales del cine, a descubrir y destacar su expresividad art\u00edstica y su importancia en la formaci\u00f3n de valores en el individuo y la sociedad, tal como nos ense\u00f1ara a hacer nuestro recordado y admirado Oscar Trinidad.\r\n\r\nHugo Gamarra E. &#8211; Fundaci\u00f3n Cinemateca del Paraguay\r\n\r\n<\/div><\/td>\r\n<\/tr>\r\n<\/tbody>\r\n<\/table>\r\n<\/td>\r\n<\/tr>\r\n<\/tbody>\r\n<\/table>\r\n<table class=\"yiv9218816652mcnTextBlock\" border=\"0\" width=\"100%\" cellspacing=\"0\" cellpadding=\"0\">\r\n<tbody class=\"yiv9218816652mcnTextBlockOuter\">\r\n<tr>\r\n<td class=\"yiv9218816652mcnTextBlockInner\" valign=\"top\">\r\n<table class=\"yiv9218816652mcnTextContentContainer\" border=\"0\" width=\"100%\" cellspacing=\"0\" cellpadding=\"0\" align=\"left\">\r\n<tbody>\r\n<tr>\r\n<td class=\"yiv9218816652mcnTextContent\" valign=\"top\">\r\n<div><strong>PROGRAMACI\u00d3N DE LA PRIMERA SEMANA<\/strong><\/div><\/td>\r\n<\/tr>\r\n<\/tbody>\r\n<\/table>\r\n<\/td>\r\n<\/tr>\r\n<\/tbody>\r\n<\/table>\r\n<table class=\"yiv9218816652mcnTextBlock\" border=\"0\" width=\"100%\" cellspacing=\"0\" cellpadding=\"0\">\r\n<tbody class=\"yiv9218816652mcnTextBlockOuter\">\r\n<tr>\r\n<td class=\"yiv9218816652mcnTextBlockInner\" valign=\"top\">\r\n<table class=\"yiv9218816652mcnTextContentContainer\" border=\"0\" width=\"100%\" cellspacing=\"0\" cellpadding=\"0\" align=\"left\">\r\n<tbody>\r\n<tr>\r\n<td class=\"yiv9218816652mcnTextContent\" valign=\"top\"><strong>Lugar y Hora: <\/strong>Teatro de Las Am\u00e9ricas del CCPA \u2013 19:30 hCada pel\u00edcula ser\u00e1 presentada por Hugo Gamarra E. y debatida con el p\u00fablico tras la proyecci\u00f3n. Copias en idioma original con subt\u00edtulos en castellano.\r\nEntrada libre y gratuita con la aceptaci\u00f3n de aportes voluntarios de los espectadores.<\/td>\r\n<\/tr>\r\n<\/tbody>\r\n<\/table>\r\n<\/td>\r\n<\/tr>\r\n<\/tbody>\r\n<\/table>\r\n<table class=\"yiv9218816652mcnTextBlock\" border=\"0\" width=\"100%\" cellspacing=\"0\" cellpadding=\"0\">\r\n<tbody class=\"yiv9218816652mcnTextBlockOuter\">\r\n<tr>\r\n<td class=\"yiv9218816652mcnTextBlockInner\" valign=\"top\">\r\n<table class=\"yiv9218816652mcnTextContentContainer\" border=\"0\" width=\"100%\" cellspacing=\"0\" cellpadding=\"0\" align=\"left\">\r\n<tbody>\r\n<tr>\r\n<td class=\"yiv9218816652mcnTextContent\" valign=\"top\">\r\n<div><strong>Martes 18 de febrero &#8211; Buster KEATON y\u00a0Charles CHAPLIN<\/strong><\/div><\/td>\r\n<\/tr>\r\n<\/tbody>\r\n<\/table>\r\n<\/td>\r\n<\/tr>\r\n<\/tbody>\r\n<\/table>\r\n<table class=\"yiv9218816652mcnCaptionBlock\" border=\"0\" width=\"100%\" cellspacing=\"0\" cellpadding=\"0\">\r\n<tbody class=\"yiv9218816652mcnCaptionBlockOuter\">\r\n<tr>\r\n<td class=\"yiv9218816652mcnCaptionBlockInner\" valign=\"top\">\r\n<table class=\"yiv9218816652mcnCaptionLeftContentOuter\" border=\"0\" width=\"100%\" cellspacing=\"0\" cellpadding=\"0\">\r\n<tbody>\r\n<tr>\r\n<td class=\"yiv9218816652mcnCaptionLeftContentInner\" valign=\"top\">\r\n<table class=\"yiv9218816652mcnCaptionLeftImageContentContainer\" border=\"0\" width=\"176\" cellspacing=\"0\" cellpadding=\"0\" align=\"right\">\r\n<tbody>\r\n<tr>\r\n<td class=\"yiv9218816652mcnCaptionLeftImageContent\" align=\"left\" valign=\"top\"><img decoding=\"async\" class=\"yiv9218816652mcnImage\" src=\"https:\/\/ecp.yusercontent.com\/mail?url=https%3A%2F%2Fmcusercontent.com%2F9a612d4451373b54eb0e3a8ec%2Fimages%2F7d26424c-1248-4454-a8e6-1a47cd532355.jpg&amp;t=1582062513&amp;ymreqid=86b2aac9-18c5-eb79-1c1f-02000101d800&amp;sig=Wu5SHjTYVagTgbdnFvSzww--~C\" alt=\"\" width=\"176\" \/><\/td>\r\n<\/tr>\r\n<\/tbody>\r\n<\/table>\r\n<table class=\"yiv9218816652mcnCaptionLeftTextContentContainer\" border=\"0\" width=\"352\" cellspacing=\"0\" cellpadding=\"0\" align=\"left\">\r\n<tbody>\r\n<tr>\r\n<td class=\"yiv9218816652mcnTextContent\" valign=\"top\">\r\n<div><strong>UNA SEMANA (EE.UU. 1982; B&amp;N 18 min.) B. KEATON<\/strong>\r\nEste gran genio del cine mudo empez\u00f3 a dirigir sus propias pel\u00edculas con este corto que es puro carcajadas y surrealismo, el inicio de una carrera inaudita de cortos y largos indispensables en la historia del cine. Una pareja de reci\u00e9n casados llega al lugar de su nuevo hogar, el cual deben montar pieza a pieza, porque se trata de una casa prefabricada. La adversidad hace que el resultado no sea el deseado.<\/div><\/td>\r\n<\/tr>\r\n<\/tbody>\r\n<\/table>\r\n<\/td>\r\n<\/tr>\r\n<\/tbody>\r\n<\/table>\r\n<table class=\"yiv9218816652mcnCaptionLeftContentOuter\" border=\"0\" width=\"100%\" cellspacing=\"0\" cellpadding=\"0\">\r\n<tbody>\r\n<tr>\r\n<td class=\"yiv9218816652mcnCaptionLeftContentInner\" valign=\"top\">\r\n<table class=\"yiv9218816652mcnCaptionLeftImageContentContainer\" border=\"0\" width=\"176\" cellspacing=\"0\" cellpadding=\"0\" align=\"right\">\r\n<tbody>\r\n<tr>\r\n<td class=\"yiv9218816652mcnCaptionLeftImageContent\" align=\"left\" valign=\"top\"><img decoding=\"async\" class=\"yiv9218816652mcnImage\" src=\"https:\/\/ecp.yusercontent.com\/mail?url=https%3A%2F%2Fmcusercontent.com%2F9a612d4451373b54eb0e3a8ec%2Fimages%2F07b3e582-8241-4ac4-b53e-940214bc49b2.jpg&amp;t=1582062513&amp;ymreqid=86b2aac9-18c5-eb79-1c1f-02000101d800&amp;sig=UQwVAu0jWYyCwKT4uw0JGA--~C\" alt=\"\" width=\"176\" \/><\/td>\r\n<\/tr>\r\n<\/tbody>\r\n<\/table>\r\n<table class=\"yiv9218816652mcnCaptionLeftTextContentContainer\" border=\"0\" width=\"352\" cellspacing=\"0\" cellpadding=\"0\" align=\"left\">\r\n<tbody>\r\n<tr>\r\n<td class=\"yiv9218816652mcnTextContent\" valign=\"top\">\r\n<div><strong>TIEMPOS MODERNOS (EE.UU. 1935; B&amp;N 90 min.) C. CHAPLIN<\/strong><\/div>\r\n<div>El vagabundo sufre como muchos la Depresi\u00f3n de los a\u00f1os 30, hasta que se enamora de una joven hu\u00e9rfana con quien busca el ideal de un hogar. Esta efervescente y delirante despedida del cine mudo, es una de las inmortales obras de este genio, en el que confronta la realidad sociopol\u00edtica del momento, critica la sociedad industrial, la aceleraci\u00f3n de los tiempos, la explotaci\u00f3n del hombre por el hombre y otros problemas del siglo XX, aprovechando genialmente el lado c\u00f3mico de la tragedia y de una cruda realidad. A\u00fan hoy es una pel\u00edcula joven y actual. Una creaci\u00f3n art\u00edstica suprema, una de las grandes de todos los tiempos.<\/div><\/td>\r\n<\/tr>\r\n<\/tbody>\r\n<\/table>\r\n<\/td>\r\n<\/tr>\r\n<\/tbody>\r\n<\/table>\r\n<\/td>\r\n<\/tr>\r\n<\/tbody>\r\n<\/table>\r\n<table class=\"yiv9218816652mcnTextBlock\" border=\"0\" width=\"100%\" cellspacing=\"0\" cellpadding=\"0\">\r\n<tbody class=\"yiv9218816652mcnTextBlockOuter\">\r\n<tr>\r\n<td class=\"yiv9218816652mcnTextBlockInner\" valign=\"top\">\r\n<table class=\"yiv9218816652mcnTextContentContainer\" border=\"0\" width=\"100%\" cellspacing=\"0\" cellpadding=\"0\" align=\"left\">\r\n<tbody>\r\n<tr>\r\n<td class=\"yiv9218816652mcnTextContent\" valign=\"top\">\r\n<div><strong>Jueves 20\u00a0de febrero &#8211; Federico FELLINI<\/strong><\/div><\/td>\r\n<\/tr>\r\n<\/tbody>\r\n<\/table>\r\n<\/td>\r\n<\/tr>\r\n<\/tbody>\r\n<\/table>\r\n<table class=\"yiv9218816652mcnCaptionBlock\" border=\"0\" width=\"100%\" cellspacing=\"0\" cellpadding=\"0\">\r\n<tbody class=\"yiv9218816652mcnCaptionBlockOuter\">\r\n<tr>\r\n<td class=\"yiv9218816652mcnCaptionBlockInner\" valign=\"top\">\r\n<table class=\"yiv9218816652mcnCaptionLeftContentOuter\" border=\"0\" width=\"100%\" cellspacing=\"0\" cellpadding=\"0\">\r\n<tbody>\r\n<tr>\r\n<td class=\"yiv9218816652mcnCaptionLeftContentInner\" valign=\"top\">\r\n<table class=\"yiv9218816652mcnCaptionLeftImageContentContainer\" border=\"0\" width=\"176\" cellspacing=\"0\" cellpadding=\"0\" align=\"right\">\r\n<tbody>\r\n<tr>\r\n<td class=\"yiv9218816652mcnCaptionLeftImageContent\" align=\"left\" valign=\"top\"><img decoding=\"async\" class=\"yiv9218816652mcnImage\" src=\"https:\/\/ecp.yusercontent.com\/mail?url=https%3A%2F%2Fmcusercontent.com%2F9a612d4451373b54eb0e3a8ec%2Fimages%2F3fad2cc7-a572-437c-b5fe-6ab0c9f336a9.jpg&amp;t=1582062513&amp;ymreqid=86b2aac9-18c5-eb79-1c1f-02000101d800&amp;sig=fyBmnKnisXLJwSmzr3KYWw--~C\" alt=\"\" width=\"176\" \/><\/td>\r\n<\/tr>\r\n<\/tbody>\r\n<\/table>\r\n<table class=\"yiv9218816652mcnCaptionLeftTextContentContainer\" border=\"0\" width=\"352\" cellspacing=\"0\" cellpadding=\"0\" align=\"left\">\r\n<tbody>\r\n<tr>\r\n<td class=\"yiv9218816652mcnTextContent\" valign=\"top\">\r\n<div>\r\n<div><strong>LA STRADA (Italia 1954; B&amp;N 104 min.) F. FELLINI<\/strong><\/div>\r\nZampan\u00f3, un bruto artista ambulante, compra de una madre pobre a la inocente Gelsomina, para su asistente y compa\u00f1\u00eda. La infantil muchacha se siente atra\u00edda por el estilo de vida n\u00f3mada, siempre en la calle, sobre todo cuando su due\u00f1o la incluye en el espect\u00e1culo. A pesar de los sufrimientos, Gelsomina se mantiene fiel a Zampan\u00f3 hasta casi el \u00faltimo momento. Una pel\u00edcula imprescindible y sublime, magn\u00edficamente interpretada, que trata sobre la bondad y la brutalidad en el mundo, sobre la soledad, la fuerza del esp\u00edritu y la redenci\u00f3n humana. Su desgarradora escena final est\u00e1 grabada hondamente en la memoria cin\u00e9fila. En el centenario de su nacimiento: \u00a1Viva Fellini!\r\n\r\n<\/div><\/td>\r\n<\/tr>\r\n<\/tbody>\r\n<\/table>\r\n<\/td>\r\n<\/tr>\r\n<\/tbody>\r\n<\/table>\r\n<\/td>\r\n<\/tr>\r\n<\/tbody>\r\n<\/table>\r\n<table class=\"yiv9218816652mcnTextBlock\" border=\"0\" width=\"100%\" cellspacing=\"0\" cellpadding=\"0\">\r\n<tbody class=\"yiv9218816652mcnTextBlockOuter\">\r\n<tr>\r\n<td class=\"yiv9218816652mcnTextBlockInner\" valign=\"top\">\r\n<table class=\"yiv9218816652mcnTextContentContainer\" border=\"0\" width=\"100%\" cellspacing=\"0\" cellpadding=\"0\" align=\"left\">\r\n<tbody>\r\n<tr>\r\n<td class=\"yiv9218816652mcnTextContent\" valign=\"top\">INFORMES: <a href=\"https:\/\/cinefestpy.us3.list-manage.com\/track\/click?u=9a612d4451373b54eb0e3a8ec&amp;id=dd58f9f55c&amp;e=9fbf9e8c5b\" target=\"_blank\" rel=\"nofollow\">facebook.com\/cinematecapy<\/a> al Whatsapp +59521 509 436 o al tel\u00e9fono +59521 224 831<\/td>\r\n<\/tr>\r\n<\/tbody>\r\n<\/table>\r\n<\/td>\r\n<\/tr>\r\n<\/tbody>\r\n<\/table>\r\n<p style=\"text-align: left;\"><a href=\"http:\/\/www.cid.com.py\/v1\/wp-content\/uploads\/2020\/02\/78ABFC01-1460-417F-8F68-81A6B925C746.jpeg\"><img loading=\"lazy\" decoding=\"async\" class=\"alignright size-thumbnail wp-image-2697\" src=\"http:\/\/www.cid.com.py\/v1\/wp-content\/uploads\/2020\/02\/78ABFC01-1460-417F-8F68-81A6B925C746-150x150.jpeg\" alt=\"78ABFC01-1460-417F-8F68-81A6B925C746\" width=\"150\" height=\"150\" srcset=\"http:\/\/www.cid.com.py\/v1\/wp-content\/uploads\/2020\/02\/78ABFC01-1460-417F-8F68-81A6B925C746-150x150.jpeg 150w, http:\/\/www.cid.com.py\/v1\/wp-content\/uploads\/2020\/02\/78ABFC01-1460-417F-8F68-81A6B925C746-300x300.jpeg 300w, http:\/\/www.cid.com.py\/v1\/wp-content\/uploads\/2020\/02\/78ABFC01-1460-417F-8F68-81A6B925C746-1024x1024.jpeg 1024w, http:\/\/www.cid.com.py\/v1\/wp-content\/uploads\/2020\/02\/78ABFC01-1460-417F-8F68-81A6B925C746.jpeg 1200w\" sizes=\"(max-width: 150px) 100vw, 150px\" \/><\/a><\/p>","protected":false},"excerpt":{"rendered":"<p>Grandes maestros. CICLO DE CINE EN CELEBRACI\u00d3N DEL 30 ANIVERSARIO DE LA FUNDACI\u00d3N\u00a0CINEMATECA DEL PARAGUAY El Ciclo de Cine GRANDES MAESTROS DEL 7\u00ba ARTE 2020 celebra el 30 Aniversario de la Fundaci\u00f3n Cinemateca del Paraguay y los 125 A\u00f1os Nacimiento del Cine,\u00a0est\u00e1 dedicado a la Memoria de Oscar Trinidad\u00a0y a los queridos amigos y miembros<\/p>\n<div class=\"read-more\"><a href=\"http:\/\/www.cid.com.py\/v1\/2695\" title=\"Read More\">Read More<\/a><\/div>\n","protected":false},"author":5,"featured_media":2696,"comment_status":"closed","ping_status":"closed","sticky":false,"template":"","format":"standard","meta":{"footnotes":""},"categories":[12],"tags":[1456,379,1471,1625,1624],"class_list":{"0":"post-2695","1":"post","2":"type-post","3":"status-publish","4":"format-standard","5":"has-post-thumbnail","7":"category-arte-y-espectaculos","8":"tag-ciclo-de-cine","9":"tag-cine","10":"tag-fundacion-cinemateca","11":"tag-maestros-del-cine","12":"tag-septimo-arte"},"_links":{"self":[{"href":"http:\/\/www.cid.com.py\/v1\/wp-json\/wp\/v2\/posts\/2695"}],"collection":[{"href":"http:\/\/www.cid.com.py\/v1\/wp-json\/wp\/v2\/posts"}],"about":[{"href":"http:\/\/www.cid.com.py\/v1\/wp-json\/wp\/v2\/types\/post"}],"author":[{"embeddable":true,"href":"http:\/\/www.cid.com.py\/v1\/wp-json\/wp\/v2\/users\/5"}],"replies":[{"embeddable":true,"href":"http:\/\/www.cid.com.py\/v1\/wp-json\/wp\/v2\/comments?post=2695"}],"version-history":[{"count":5,"href":"http:\/\/www.cid.com.py\/v1\/wp-json\/wp\/v2\/posts\/2695\/revisions"}],"predecessor-version":[{"id":2703,"href":"http:\/\/www.cid.com.py\/v1\/wp-json\/wp\/v2\/posts\/2695\/revisions\/2703"}],"wp:featuredmedia":[{"embeddable":true,"href":"http:\/\/www.cid.com.py\/v1\/wp-json\/wp\/v2\/media\/2696"}],"wp:attachment":[{"href":"http:\/\/www.cid.com.py\/v1\/wp-json\/wp\/v2\/media?parent=2695"}],"wp:term":[{"taxonomy":"category","embeddable":true,"href":"http:\/\/www.cid.com.py\/v1\/wp-json\/wp\/v2\/categories?post=2695"},{"taxonomy":"post_tag","embeddable":true,"href":"http:\/\/www.cid.com.py\/v1\/wp-json\/wp\/v2\/tags?post=2695"}],"curies":[{"name":"wp","href":"https:\/\/api.w.org\/{rel}","templated":true}]}}