{"id":2707,"date":"2020-02-24T23:31:08","date_gmt":"2020-02-24T23:31:08","guid":{"rendered":"http:\/\/www.cid.com.py\/v1\/?p=2707"},"modified":"2020-02-24T23:31:08","modified_gmt":"2020-02-24T23:31:08","slug":"grandes-maestros","status":"publish","type":"post","link":"http:\/\/www.cid.com.py\/v1\/2707","title":{"rendered":"Grandes maestros"},"content":{"rendered":"<p style=\"text-align: left;\"><span style=\"color: #000000;\"><strong>S\u00e9ptimo arte.<\/strong><\/span><\/p>\r\n<p style=\"text-align: left;\"><a href=\"http:\/\/www.cid.com.py\/v1\/wp-content\/uploads\/2020\/02\/2A637899-B515-4050-951A-F308052CCF02.jpeg\"><img loading=\"lazy\" decoding=\"async\" class=\"alignleft size-thumbnail wp-image-2696\" src=\"http:\/\/www.cid.com.py\/v1\/wp-content\/uploads\/2020\/02\/2A637899-B515-4050-951A-F308052CCF02-150x150.jpeg\" alt=\"2A637899-B515-4050-951A-F308052CCF02\" width=\"150\" height=\"150\" srcset=\"http:\/\/www.cid.com.py\/v1\/wp-content\/uploads\/2020\/02\/2A637899-B515-4050-951A-F308052CCF02-150x150.jpeg 150w, http:\/\/www.cid.com.py\/v1\/wp-content\/uploads\/2020\/02\/2A637899-B515-4050-951A-F308052CCF02-300x300.jpeg 300w, http:\/\/www.cid.com.py\/v1\/wp-content\/uploads\/2020\/02\/2A637899-B515-4050-951A-F308052CCF02-1024x1024.jpeg 1024w, http:\/\/www.cid.com.py\/v1\/wp-content\/uploads\/2020\/02\/2A637899-B515-4050-951A-F308052CCF02.jpeg 1080w\" sizes=\"(max-width: 150px) 100vw, 150px\" \/><\/a><\/p>\r\n<p style=\"text-align: left;\"><span style=\"color: #000000;\">Prosigue la Celebraci\u00f3n del 30 Aniversario de la Fundaci\u00f3n Cinemateca del Paraguay y los 125 A\u00f1os del Nacimiento del Cine con el Ciclo de Cine Grandes Maestros del 7\u00ba Arte en el Teatro de las Am\u00e9ricas, el martes 25 y el jueves 27 de febrero, a partir de las 19:30 h.<\/span>\r\n\r\n<span style=\"color: #000000;\">Las obras que deleitar\u00e1n al p\u00fablico son Noche y niebla, El conquistador del oeste y M, el vampiro de los afamados directores Alain Resnais, Buster Keaton y Fritz Lang, respectivamente. Cada pel\u00edcula ser\u00e1 presentada por Hugo Gamarra E. y debatida con el p\u00fablico tras la proyecci\u00f3n. Copias en idioma original con subt\u00edtulos en castellano.<\/span>\r\n\r\n<span style=\"color: #000000;\">Entrada libre y gratuita con la aceptaci\u00f3n de aportes voluntarios de los espectadores.<\/span>\r\n<span style=\"color: #000000;\">PROGRAMACI\u00d3N DE LA SEGUNDA SEMANA<\/span>\r\n<span style=\"color: #000000;\">Lugar y Hora: Teatro de Las Am\u00e9ricas del CCPA \u2013 19:30 h<\/span>\r\n<span style=\"color: #000000;\">Martes 25 de febrero &#8211; Alain RESNAIS Y Buster KEATON<\/span><\/p>\r\n<p style=\"text-align: left;\"><span style=\"color: #000000;\">NOCHE Y NIEBLA (Francia 1956; Color y B&amp;N 30 min.) A. RESNAIS<\/span>\r\n<span style=\"color: #000000;\">El cortometraje m\u00e1s famoso pero menos visto del mundo, necesario para la conciencia humana. Documental brillante y devastador sobre los horrores del campo de concentraci\u00f3n, filmado en colores, entrecortado con impactantes im\u00e1genes de archivo en blanco y negro que siguen la brutalidad y locura de los nazis. Dirigido por quien se afirm\u00f3 con esta obra como uno de los grandes maestros franceses del cine. En el 75 aniversario de liberaci\u00f3n del campo de concentraci\u00f3n de Auschwitz (liberado el 27 de enero de 1945 por tropas sovi\u00e9ticas).<\/span><\/p>\r\n<p style=\"text-align: left;\"><img loading=\"lazy\" decoding=\"async\" class=\"alignleft size-thumbnail wp-image-2708\" src=\"http:\/\/www.cid.com.py\/v1\/wp-content\/uploads\/2020\/02\/0BC90D0B-75A6-41DB-B09D-776FA9BA65BE-150x150.jpeg\" alt=\"0BC90D0B-75A6-41DB-B09D-776FA9BA65BE\" width=\"150\" height=\"150\" srcset=\"http:\/\/www.cid.com.py\/v1\/wp-content\/uploads\/2020\/02\/0BC90D0B-75A6-41DB-B09D-776FA9BA65BE-150x150.jpeg 150w, http:\/\/www.cid.com.py\/v1\/wp-content\/uploads\/2020\/02\/0BC90D0B-75A6-41DB-B09D-776FA9BA65BE-300x300.jpeg 300w, http:\/\/www.cid.com.py\/v1\/wp-content\/uploads\/2020\/02\/0BC90D0B-75A6-41DB-B09D-776FA9BA65BE-1024x1024.jpeg 1024w, http:\/\/www.cid.com.py\/v1\/wp-content\/uploads\/2020\/02\/0BC90D0B-75A6-41DB-B09D-776FA9BA65BE.jpeg 1200w\" sizes=\"(max-width: 150px) 100vw, 150px\" \/><\/p>\r\n<p style=\"text-align: left;\"><span style=\"color: #000000;\">EL CONQUISTADOR DEL OESTE (EE.UU. 1925; B&amp;N 66 min.) B. Keaton<\/span>\r\n<span style=\"color: #000000;\">En busca de nuevas y m\u00e1s tranquilas oportunidades que las ofrecidas por la ciudad, Buster llega al Lejano Oeste. Sus aventuras empiezan con el ins\u00f3lito amor de una vaca y terminan con una estampida en el centro de la ciudad de Los \u00c1ngeles. Con escenas antol\u00f3gicas de humor, propias del inmortal \u201cCaradepiedra\u201d, hoy vemos esta rara pel\u00edcula como un prodigio de ternura y de un po\u00e9tico surrealismo, en la que se desmitifica el Western y se explora la vulnerabilidad y la soledad de un individuo en el mundo.<\/span>\r\n<span style=\"color: #000000;\">Jueves 27 de febrero &#8211; Fritz LANG<\/span><\/p>\r\n<p style=\"text-align: left;\"><span style=\"color: #000000;\">M, EL VAMPIRO (Alemania 1931; B&amp;N 99 min.) F. Lang<\/span>\r\n<span style=\"color: #000000;\">Esta primera pel\u00edcula parlante del director de Metr\u00f3polis est\u00e1 inspirada en los terribles cr\u00edmenes de un asesino de ni\u00f1os conocido como \u201cVampiro de D\u00fcseldorf\u201d, que atemoriz\u00f3 a toda la ciudad. La polic\u00eda y el hampa buscan desesperadamente al asesino en este drama criminal sobre la psicosis social e individual, a la vez testimonio de un clima que anticipaba el nazismo. Brillantemente dirigido, es un cl\u00e1sico que prefigura lo que ser\u00eda el cine policial y de suspenso, que sirvi\u00f3 de inspiraci\u00f3n rotunda para el gran Alfred Hitchcock, que a\u00fan sorprende por el uso del sonido y porque, a pesar de los a\u00f1os, mantiene su modernidad intacta.<\/span><\/p>\r\n<p style=\"text-align: left;\">\r\n<span style=\"color: #000000;\">INFORMES: facebook.com\/cinematecapy al Whatsapp +59521 509 436 o al tel\u00e9fono +59521 224 831<\/span><\/p>","protected":false},"excerpt":{"rendered":"<p>S\u00e9ptimo arte. Prosigue la Celebraci\u00f3n del 30 Aniversario de la Fundaci\u00f3n Cinemateca del Paraguay y los 125 A\u00f1os del Nacimiento del Cine con el Ciclo de Cine Grandes Maestros del 7\u00ba Arte en el Teatro de las Am\u00e9ricas, el martes 25 y el jueves 27 de febrero, a partir de las 19:30 h. Las obras<\/p>\n<div class=\"read-more\"><a href=\"http:\/\/www.cid.com.py\/v1\/2707\" title=\"Read More\">Read More<\/a><\/div>\n","protected":false},"author":5,"featured_media":2708,"comment_status":"closed","ping_status":"closed","sticky":false,"template":"","format":"standard","meta":{"footnotes":""},"categories":[12],"tags":[379,1483,1624],"class_list":{"0":"post-2707","1":"post","2":"type-post","3":"status-publish","4":"format-standard","5":"has-post-thumbnail","7":"category-arte-y-espectaculos","8":"tag-cine","9":"tag-maestros-del-7o-arte","10":"tag-septimo-arte"},"_links":{"self":[{"href":"http:\/\/www.cid.com.py\/v1\/wp-json\/wp\/v2\/posts\/2707"}],"collection":[{"href":"http:\/\/www.cid.com.py\/v1\/wp-json\/wp\/v2\/posts"}],"about":[{"href":"http:\/\/www.cid.com.py\/v1\/wp-json\/wp\/v2\/types\/post"}],"author":[{"embeddable":true,"href":"http:\/\/www.cid.com.py\/v1\/wp-json\/wp\/v2\/users\/5"}],"replies":[{"embeddable":true,"href":"http:\/\/www.cid.com.py\/v1\/wp-json\/wp\/v2\/comments?post=2707"}],"version-history":[{"count":1,"href":"http:\/\/www.cid.com.py\/v1\/wp-json\/wp\/v2\/posts\/2707\/revisions"}],"predecessor-version":[{"id":2709,"href":"http:\/\/www.cid.com.py\/v1\/wp-json\/wp\/v2\/posts\/2707\/revisions\/2709"}],"wp:featuredmedia":[{"embeddable":true,"href":"http:\/\/www.cid.com.py\/v1\/wp-json\/wp\/v2\/media\/2708"}],"wp:attachment":[{"href":"http:\/\/www.cid.com.py\/v1\/wp-json\/wp\/v2\/media?parent=2707"}],"wp:term":[{"taxonomy":"category","embeddable":true,"href":"http:\/\/www.cid.com.py\/v1\/wp-json\/wp\/v2\/categories?post=2707"},{"taxonomy":"post_tag","embeddable":true,"href":"http:\/\/www.cid.com.py\/v1\/wp-json\/wp\/v2\/tags?post=2707"}],"curies":[{"name":"wp","href":"https:\/\/api.w.org\/{rel}","templated":true}]}}