{"id":2809,"date":"2020-06-14T13:30:53","date_gmt":"2020-06-14T13:30:53","guid":{"rendered":"http:\/\/www.cid.com.py\/v1\/?p=2809"},"modified":"2020-06-14T13:30:53","modified_gmt":"2020-06-14T13:30:53","slug":"volvio-con-mas-arte","status":"publish","type":"post","link":"http:\/\/www.cid.com.py\/v1\/2809","title":{"rendered":"Volvi\u00f3 con mas arte"},"content":{"rendered":"<strong>Cinemarte en tu pantalla. \u00a0<\/strong>\r\n<p style=\"text-align: left;\"><\/p>\r\n<p style=\"text-align: left;\"><span style=\"color: #000000;\">Siguiendo con la experiencia virtual, CINEMARTE EN TU PANTALLA presenta para este martes 16 de junio 4 funciones con las pel\u00edculas LA ACUSACI\u00d3N, EL ESGRIMISTA y EL JEQUE BLANCO.<\/span>\r\n<span style=\"color: #000000;\">\u00a0<\/span><\/p>\r\n<p style=\"text-align: left;\"><span style=\"color: #000000;\"><strong>Martes 16 de junio<\/strong><\/span>\r\n<span style=\"color: #000000;\">18:00 LA ACUSACI\u00d3N<\/span>\r\n<span style=\"color: #000000;\">20:30 EL ESGRIMISTA (*), seguido de debate<\/span>\r\n<span style=\"color: #000000;\">20:30 EL JEQUE BLANCO (u) (*)<\/span>\r\n<span style=\"color: #000000;\">22:30 LA ACUSACI\u00d3N<\/span><\/p>\r\n<p style=\"text-align: left;\">\r\n<span style=\"color: #000000;\">\u00a0<\/span>\r\n<span style=\"color: #000000;\">(*) en simult\u00e1neo, mismo horario<\/span>\r\n<span style=\"color: #000000;\">(u) \u00faltima pasada<\/span>\r\n<span style=\"color: #000000;\">\u00bfC\u00d3MO COMPRAR Y ACCEDER A LAS FUNCIONES DE CINEMARTE?<\/span>\r\n<span style=\"color: #000000;\">Las entradas se podr\u00e1n adquirir desde <em><strong>www.passline.com\/sitio\/ara-films-producciones<\/strong><\/em>, la cual brinda la posibilidad de comprar por medios como Billetera Personal, Tigo Money, Tarjetas de cr\u00e9ditos, Bocas de Cobranza Pago Express, entre otros. Tendr\u00e1n los siguientes costos:<\/span><\/p>\r\n<p style=\"text-align: left;\"><span style=\"color: #000000;\">Funciones de las 20:30h: Gs. 30.000<\/span>\r\n<span style=\"color: #000000;\">Otras funciones: Gs. 25.000<\/span>\r\n\r\n<span style=\"color: #000000;\"><em>Instrucciones para comprar<\/em><\/span>\r\n\r\n<span style=\"color: #000000;\">Instrucciones para acceder a la funci\u00f3n<\/span>\r\n<span style=\"color: #000000;\">LAS PEL\u00cdCULAS<\/span>\r\n<span style=\"color: #000000;\"> <a style=\"color: #000000;\" href=\"http:\/\/www.cid.com.py\/v1\/wp-content\/uploads\/2020\/06\/FEAE4030-5432-494C-87D2-0243609036AE_4_5005_c.jpeg\"><img loading=\"lazy\" decoding=\"async\" class=\"alignleft size-thumbnail wp-image-2810\" src=\"http:\/\/www.cid.com.py\/v1\/wp-content\/uploads\/2020\/06\/FEAE4030-5432-494C-87D2-0243609036AE_4_5005_c-150x150.jpeg\" alt=\"FEAE4030-5432-494C-87D2-0243609036AE_4_5005_c\" width=\"150\" height=\"150\" \/><\/a><\/span><\/p>\r\n<p style=\"text-align: left;\"><span style=\"color: #000000;\"><strong>LA ACUSACI\u00d3N<\/strong> (Court)<\/span>\r\n<span style=\"color: #000000;\">India 2014 \u2013 Color 116 min.<\/span>\r\n<span style=\"color: #000000;\">Direcci\u00f3n y Gui\u00f3n: Chaitanya Tamhane &#8211; M\u00fasica: Sambhaji Bhagat &#8211; Con: Vira Sathidar, Vivek Gomber, Geetanjali Kulkarni, Pradeep Joshi, Shirish Pawar y otros.<\/span>\r\n<span style=\"color: #000000;\">\u00a0<\/span>\r\n<span style=\"color: #000000;\">Premios: Mejor Pel\u00edcula y Mejor Direcci\u00f3n en el Festival de Venecia 2014; Mejor Pel\u00edcula, Mejor Actor, Premio de la Cr\u00edtica y Premio SIGNIS en el Festival de Cine Independiente de Buenos Aires 2015; Mejor Pel\u00edcula y Mejor Director en el 16\u00aa Festival de Bombay; entre otros.<\/span>\r\n<span style=\"color: #000000;\">\u00a0<\/span>\r\n<span style=\"color: #000000;\">Kamble, de 65 a\u00f1os, es m\u00fasico, poeta, docente y militante pol\u00edtico que recorre con su arte los barrios de Mumbai. Un d\u00eda es arrestado y acusado por incitar un obrero al suicidio con una canci\u00f3n inflamatoria. Mientras se desarrolla el proceso judicial se revelan los mecanismos de la injusticia en un sistema judicial corrupto, perverso y burocr\u00e1tico, a la vez de un complejo retrato sociopol\u00edtico con la influencia occidental en la cultura de la India.<\/span><\/p>\r\n<p style=\"text-align: left;\"><span style=\"color: #000000;\">Fascinante pel\u00edcula que propone una reflexi\u00f3n sobre la libertad de expresi\u00f3n y la relaci\u00f3n entre arte y pol\u00edtica. Nos toca muy de cerca, porque refleja de forma demoledora la humillaci\u00f3n que sufre la gente sin poder en la violencia cotidiana de la corte. Bajo presi\u00f3n de censura y a punto de ser prohibida, el joven cineasta logr\u00f3 una obra l\u00facida, aguda y humana, en una corriente autoral que proviene del gran Satyajit Ray, uno de los m\u00e1s grandes cineastas y padre fundador del cine m\u00e1s comprometido de la India. Muchos coincidir\u00e1n que se trata de una imperdible obra maestra.<\/span>\r\n<span style=\"color: #000000;\"><a style=\"color: #000000;\" href=\"http:\/\/www.cid.com.py\/v1\/wp-content\/uploads\/2020\/06\/AD35E772-DEF9-40DF-9CA1-E3B3136F7F17_4_5005_c.jpeg\"><img loading=\"lazy\" decoding=\"async\" class=\"aligncenter size-thumbnail wp-image-2811\" src=\"http:\/\/www.cid.com.py\/v1\/wp-content\/uploads\/2020\/06\/AD35E772-DEF9-40DF-9CA1-E3B3136F7F17_4_5005_c-150x150.jpeg\" alt=\"AD35E772-DEF9-40DF-9CA1-E3B3136F7F17_4_5005_c\" width=\"150\" height=\"150\" \/><\/a><\/span>\r\n<span style=\"color: #000000;\"><strong>EL ESGRIMISTA<\/strong> (Miekkailija)<\/span>\r\n<span style=\"color: #000000;\">Premio Panamb\u00ed 26 Cinefestpy\u00a02017<\/span>\r\n<span style=\"color: #000000;\">Finlandia \/ Estonia \/ Alemania 2015 \u2013 Color 98 min.<\/span>\r\n<span style=\"color: #000000;\">Direcci\u00f3n: Klaus H\u00e4r\u00f6 &#8211; Guion: Anna Hein\u00e4maa &#8211; M\u00fasica: Gert Wilden Jr. &#8211; Con: M\u00e4rt Avandi, Lembit Ulfsak, Ursula Ratasepp, Liisa Koppel, Kirill K\u00e4ro, Kaarle Aho, Joonas Koff y otros.<\/span>\r\n<span style=\"color: #000000;\">\u00a0<\/span>\r\n<span style=\"color: #000000;\">Premios: Mejor Pel\u00edcula Voto del P\u00fablico en 26 Cinefestpy 2017; Mejor Pel\u00edcula y Mejor Fotograf\u00eda por la Academia de Cine de Finlandia 2016; Nominada al Globo de Oro Mejor Pel\u00edcula Habla No Inglesa; Finalista Premios Oscar Mejor Pel\u00edcula Extranjera; entre otros.<\/span>\r\n<span style=\"color: #000000;\">\u00a0<\/span>\r\n<span style=\"color: #000000;\">En medio de persecuciones, deportaciones y castigos del stalinismo, un joven campe\u00f3n de esgrima huye de la polic\u00eda secreta a un peque\u00f1o y apocado pueblo de Estonia. Cuando el bur\u00f3crata rector le pide que haga mayor esfuerzo por la comunidad, empieza a dar clases sabatinas de esgrima para un grupo pintoresco de ni\u00f1os y ni\u00f1as, cuyo entusiasmo los llevar\u00e1 hasta el torneo nacional de esgrima.<\/span><\/p>\r\n<p style=\"text-align: left;\"><span style=\"color: #000000;\">La relaci\u00f3n maestro-alumno, la pasi\u00f3n de aprender y el sentimiento de autosuperaci\u00f3n es potenciada con destreza cl\u00e1sica, pulcritud, fluidez y un estilo austero, que est\u00e1n reforzados por una fotograf\u00eda precisa y un elenco magn\u00edfico, hasta conformar un relato bello y emotivo.<\/span>\r\n<span style=\"color: #000000;\"><a style=\"color: #000000;\" href=\"http:\/\/www.cid.com.py\/v1\/wp-content\/uploads\/2020\/06\/8196B65C-9AD6-4A40-9932-8911073157C2.png\"><img loading=\"lazy\" decoding=\"async\" class=\"alignright size-thumbnail wp-image-2812\" src=\"http:\/\/www.cid.com.py\/v1\/wp-content\/uploads\/2020\/06\/8196B65C-9AD6-4A40-9932-8911073157C2-150x150.png\" alt=\"8196B65C-9AD6-4A40-9932-8911073157C2\" width=\"150\" height=\"150\" \/><\/a><\/span><\/p>\r\n<p style=\"text-align: left;\"><span style=\"color: #000000;\"><strong>EL JEQUE BLANCO<\/strong><\/span>\r\n<span style=\"color: #000000;\">Italia 1952 \u2013 B&amp;N 86 min.<\/span>\r\n<span style=\"color: #000000;\">Direcci\u00f3n: Federico Fellini &#8211; Historia y guion: Federico Fellini, Michelangelo Antonioni y Tullio Pinelli &#8211; M\u00fasica: Nino Rota &#8211; Con: Alberto Sordi, Brunella Bovo, Leopoldo Trieste, Giulietta Masina y otros<\/span>\r\n<span style=\"color: #000000;\">\u00a0<\/span>\r\n<span style=\"color: #000000;\">Wanda es una joven provinciana reci\u00e9n casada, so\u00f1adora e ingenua, que llega en luna de miel a Roma con su esposo, un hombre cuadriculado y estirado de orgullo por las conexiones de su familia en la burocracia y la Iglesia Cat\u00f3lica. Mientras \u00e9l toma la siesta, prepar\u00e1ndose para el gran evento que ser\u00e1 la audiencia con el Papa, ella escapa un momento del hotel para conocer a su \u00eddolo rom\u00e1ntico de las fotonovelas que lee, pero todo se complica en un suspenso que oscila entre enredos, decepciones, humor y p\u00e1nico.<\/span><\/p>\r\n<p style=\"text-align: left;\"><span style=\"color: #000000;\">La comedia m\u00e1s deliciosa y encantadora de Fellini fue tambi\u00e9n la primera pel\u00edcula que dirigi\u00f3 en solitario, aun con la impronta del Neorrealismo que surgi\u00f3 en Italia a partir de la Segunda Guerra Mundial. La actuaci\u00f3n del gran Alberto Sordi es una hilarante contribuci\u00f3n a esta gema de suspenso c\u00f3mico, mientras la maravillosa m\u00fasica a cargo de Nino Rota marc\u00f3 el inicio de una de las relaciones creativas m\u00e1s fecundas del s\u00e9ptimo arte. Esta pel\u00edcula de notable frescura y suspenso c\u00f3mico es tambi\u00e9n una pel\u00edcula poco conocida, injustamente ignorada, en la que ya est\u00e1 presente la magia eterna de Fellini, uno de los autores indispensables en el pante\u00f3n eterno del cine mundial.<\/span><\/p>\r\n<p style=\"text-align: left;\"><span style=\"color: #000000;\">Fuente: <em>fundaci\u00f3n cinemateca\u00a0<\/em><\/span><\/p>","protected":false},"excerpt":{"rendered":"<p>Cinemarte en tu pantalla. \u00a0 Siguiendo con la experiencia virtual, CINEMARTE EN TU PANTALLA presenta para este martes 16 de junio 4 funciones con las pel\u00edculas LA ACUSACI\u00d3N, EL ESGRIMISTA y EL JEQUE BLANCO. \u00a0 Martes 16 de junio 18:00 LA ACUSACI\u00d3N 20:30 EL ESGRIMISTA (*), seguido de debate 20:30 EL JEQUE BLANCO (u) (*)<\/p>\n<div class=\"read-more\"><a href=\"http:\/\/www.cid.com.py\/v1\/2809\" title=\"Read More\">Read More<\/a><\/div>\n","protected":false},"author":5,"featured_media":2811,"comment_status":"closed","ping_status":"closed","sticky":false,"template":"","format":"gallery","meta":{"footnotes":""},"categories":[12],"tags":[762,379,1443,1675,1676,1677,1471,1395,1674],"class_list":{"0":"post-2809","1":"post","2":"type-post","3":"status-publish","4":"format-gallery","5":"has-post-thumbnail","7":"category-arte-y-espectaculos","8":"tag-arte","9":"tag-cine","10":"tag-cinemarte","11":"tag-el-esgrimista","12":"tag-el-jeque-blanco","13":"tag-federico-fellini","14":"tag-fundacion-cinemateca","15":"tag-italia","16":"tag-la-acusacion","17":"post_format-post-format-gallery"},"_links":{"self":[{"href":"http:\/\/www.cid.com.py\/v1\/wp-json\/wp\/v2\/posts\/2809"}],"collection":[{"href":"http:\/\/www.cid.com.py\/v1\/wp-json\/wp\/v2\/posts"}],"about":[{"href":"http:\/\/www.cid.com.py\/v1\/wp-json\/wp\/v2\/types\/post"}],"author":[{"embeddable":true,"href":"http:\/\/www.cid.com.py\/v1\/wp-json\/wp\/v2\/users\/5"}],"replies":[{"embeddable":true,"href":"http:\/\/www.cid.com.py\/v1\/wp-json\/wp\/v2\/comments?post=2809"}],"version-history":[{"count":2,"href":"http:\/\/www.cid.com.py\/v1\/wp-json\/wp\/v2\/posts\/2809\/revisions"}],"predecessor-version":[{"id":2814,"href":"http:\/\/www.cid.com.py\/v1\/wp-json\/wp\/v2\/posts\/2809\/revisions\/2814"}],"wp:featuredmedia":[{"embeddable":true,"href":"http:\/\/www.cid.com.py\/v1\/wp-json\/wp\/v2\/media\/2811"}],"wp:attachment":[{"href":"http:\/\/www.cid.com.py\/v1\/wp-json\/wp\/v2\/media?parent=2809"}],"wp:term":[{"taxonomy":"category","embeddable":true,"href":"http:\/\/www.cid.com.py\/v1\/wp-json\/wp\/v2\/categories?post=2809"},{"taxonomy":"post_tag","embeddable":true,"href":"http:\/\/www.cid.com.py\/v1\/wp-json\/wp\/v2\/tags?post=2809"}],"curies":[{"name":"wp","href":"https:\/\/api.w.org\/{rel}","templated":true}]}}