{"id":2844,"date":"2020-07-28T13:10:18","date_gmt":"2020-07-28T13:10:18","guid":{"rendered":"http:\/\/www.cid.com.py\/v1\/?p=2844"},"modified":"2020-07-28T13:10:18","modified_gmt":"2020-07-28T13:10:18","slug":"cineamistad","status":"publish","type":"post","link":"http:\/\/www.cid.com.py\/v1\/2844","title":{"rendered":"Cineamistad"},"content":{"rendered":"<p style=\"text-align: left;\"><span style=\"color: #000000;\"><strong>Cinemarte celebra.<\/strong><\/span><\/p>\r\n\r\n\r\n<div id=\"attachment_2845\" style=\"width: 160px\" class=\"wp-caption alignleft\"><a style=\"color: #000000;\" href=\"http:\/\/www.cid.com.py\/v1\/wp-content\/uploads\/2020\/07\/cine1.jpg\"><img loading=\"lazy\" decoding=\"async\" aria-describedby=\"caption-attachment-2845\" class=\"size-thumbnail wp-image-2845\" src=\"http:\/\/www.cid.com.py\/v1\/wp-content\/uploads\/2020\/07\/cine1-150x150.jpg\" alt=\"CINEMARTE EN TU PANTALLA CELEBRA LA SEMANA DE LA AMISTAD\" width=\"150\" height=\"150\" \/><\/a><p id=\"caption-attachment-2845\" class=\"wp-caption-text\"><\/span> <span style=\"color: #000000;\">CINEMARTE EN TU PANTALLA CELEBRA<\/span><br \/><span style=\"color: #000000;\">LA SEMANA DE LA AMISTAD<\/span><\/p><\/div>\r\n<p style=\"text-align: left;\"><\/p>\r\n<p style=\"text-align: left;\"><span style=\"color: #000000;\">Tres imperdibles y divertidas pel\u00edculas en la semana de la Amistad y con un precio especial para emocionar a los amigos cin\u00e9filos.<\/span>\r\n<span style=\"color: #000000;\">En celebraci\u00f3n de la Amistad CINEMARTE EN TU PANTALLA propone pel\u00edculas multi-premiadas que fueron favoritas del p\u00fablico en el Festival de Asunci\u00f3n: la danesa LA CULPA, la francesa EL NOVATO y la alemana PAULA.<\/span>\r\n<span style=\"color: #000000;\">El martes 28 de julio y el domingo 2 de agosto los e-tickets costar\u00e1n a un \u00fanico precio promocional de Gs. 15.000 cada uno\u00a0para ver las pel\u00edculas en el horario de preferencia.<\/span><\/p>\r\n<p style=\"text-align: left;\">\r\n<span style=\"color: #000000;\">\u00a0<\/span>\r\n<span style=\"color: #000000;\"><strong>Martes 28 de julio<\/strong><\/span>\r\n<span style=\"color: #000000;\">LA CULPA,<em> con debate<\/em><\/span>\r\n<span style=\"color: #000000;\">EL NOVATO<\/span>\r\n<span style=\"color: #000000;\">PAULA<\/span><\/p>\r\n<p style=\"text-align: left;\">\r\n<span style=\"color: #000000;\">Las pel\u00edculas estar\u00e1n disponibles todo el d\u00eda y el p\u00fablico podr\u00e1 elegir el horario que m\u00e1s le guste para verlas.<\/span><\/p>\r\n<p style=\"text-align: left;\">\r\n<span style=\"color: #000000;\">LA CULPA es la pel\u00edcula seleccionada para el debate a las 22:15 h con el cineasta Hugo Gamarra que guiar\u00e1 el debate mediante la plataforma Google Meet. Todos los que hayan comprado un e-ticket para esa pel\u00edcula recibir\u00e1n la invitaci\u00f3n para acceder al debate.<\/span>\r\n<span style=\"color: #000000;\"><strong>Domingo 2 de agosto<\/strong><\/span>\r\n<span style=\"color: #000000;\">LA CULPA<\/span>\r\n<span style=\"color: #000000;\">EL NOVATO<\/span>\r\n<span style=\"color: #000000;\">PAULA<\/span>\r\n<span style=\"color: #000000;\">Las pel\u00edculas estar\u00e1n disponibles todo el d\u00eda y el p\u00fablico podr\u00e1 elegir el horario que m\u00e1s le guste para verlas.<\/span>\r\n<span style=\"color: #000000;\">\u00a0<\/span><\/p>\r\n<p style=\"text-align: left;\">\r\n<span style=\"color: #000000;\">Las entradas por pel\u00edcula costar\u00e1n:<\/span>\r\n<span style=\"color: #000000;\">E-ticket del martes y domingo: Gs. 15.000<\/span><\/p>\r\n<p style=\"text-align: left;\"><\/p>\r\n<p style=\"text-align: left;\"><span style=\"color: #000000;\"><strong>Se podr\u00e1n adquirir desde www.passline.com\/sitio\/ara-films-producciones, la cual brinda la posibilidad de comprar por medios como Billetera Personal, Tigo Money, Tarjetas de cr\u00e9ditos, Bocas de Cobranza Pago Express, entre otros.<\/strong><\/span>\r\n<span style=\"color: #000000;\">\u00a0<\/span><\/p>\r\n<p style=\"text-align: left;\">\r\n<span style=\"color: #000000;\">Cabe destacar que el p\u00fablico de pa\u00edses de la regi\u00f3n como Argentina, Uruguay y Chile, puede adquirir sus e-tickets utilizando el carro de pagos mediante tarjetas de cr\u00e9dito y\/o d\u00e9bito internacionales.<\/span>\r\n\r\n<\/p>\r\n<p style=\"text-align: left;\">\r\n<span style=\"color: #000000;\">LA CULPA (Den skyldige)\u00a0\u00a0\u00a0\u00a0<\/span>\r\n<span style=\"color: #000000;\">Dinamarca 2018 \u2013 Color 85 min.<\/span>\r\n<span style=\"color: #000000;\">Direcci\u00f3n: Gustav M\u00f6ller<\/span>\r\n<span style=\"color: #000000;\">Guion: Gustav M\u00f6ller y Emil Nygaard Albertsen<\/span>\r\n<span style=\"color: #000000;\">Fotograf\u00eda: Jasper Spanning<\/span>\r\n<span style=\"color: #000000;\">Con: Jakob Cedergren, Jessica Dinnage, Omar Shargawi, Johan Olsen y otros.<\/span>\r\n<span style=\"color: #000000;\">\u00a0<\/span><\/p>\r\n<p style=\"text-align: left;\">\r\n<span style=\"color: #000000;\">Premios del P\u00fablico en el Festival de Asunci\u00f3n 2019, Sundance y Rotterdam 2018; m\u00e1s otros 20 premios internacionales de cr\u00edtica y p\u00fablico.<\/span>\r\n<span style=\"color: #000000;\">\u00a0<\/span><\/p>\r\n<p style=\"text-align: left;\">\r\n<span style=\"color: #000000;\">Un oficial de polic\u00eda est\u00e1 relegado como operador telef\u00f3nico en la Central de Emergencias de Copenhague. En medio de la rutina y sus propios demonios personales, responde la llamada de una mujer secuestrada. Usando su intuici\u00f3n, experiencia e inteligencia, con el tel\u00e9fono como \u00fanica herramienta, deber\u00e1 encontrar a la mujer y su secuestrador en una carrera contra el tiempo. Pero pronto se da cuenta que se trata de un crimen mucho mayor de lo que pens\u00f3 al principio.<\/span>\r\n<span style=\"color: #000000;\">Guion y puesta en escena funcionan como mecanismos de precisi\u00f3n y suspenso en este thriller psicol\u00f3gico-policial que explora la violencia y la culpa con poderosa efectividad, con una tensi\u00f3n que atrapa la imaginaci\u00f3n y la emoci\u00f3n del espectador de comienzo a fin. Los m\u00ednimos recursos \u2013un solo ambiente y un brillante actor principal\u2013 sirven para una gran lecci\u00f3n de cine, demostrando que no son necesarios mucho dinero y efectos especiales si hay creatividad, rigor y talento. Muy bien puede tratarse de la joya de suspenso de menor costo en la historia del cine.<\/span><\/p>\r\n<p style=\"text-align: left;\">\r\n<span style=\"color: #000000;\">EL NOVATO (Le nouveau)<\/span>\r\n<span style=\"color: #000000;\">Francia 2015 \u2013 Color 81 min.<\/span>\r\n<span style=\"color: #000000;\">Direcci\u00f3n: Rudi Rosenberg<\/span>\r\n<span style=\"color: #000000;\">Guion: Rudi Rosenberg, Igor Gotesman y Bruno Muschio<\/span>\r\n<span style=\"color: #000000;\">Fotograf\u00eda: Nicolas Loir<\/span>\r\n<span style=\"color: #000000;\">Con: R\u00e9pha\u00ebl Ghrenassia, Joshua Raccah, G\u00e9raldine Martineau, Guillaume Cloud-Roussel y otros.<\/span>\r\n<span style=\"color: #000000;\">\u00a0<\/span><\/p>\r\n<p style=\"text-align: left;\">\r\n<span style=\"color: #000000;\">Premios: Mejor Pel\u00edcula del P\u00fablico en el Festival de Asunci\u00f3n 2017; Mejor Pel\u00edcula Premio del Jurado y Premio de la Prensa Internacional en My French Film Festival 2017; Premio del P\u00fablico en el Festival de Cine Independiente de Buenos Aires BAFICI; Premio Nuevos Directores del Festival de San Sebasti\u00e1n; entre otros.<\/span>\r\n<span style=\"color: #000000;\">\u00a0<\/span><\/p>\r\n<p style=\"text-align: left;\">\r\n<span style=\"color: #000000;\">La transici\u00f3n de la pubertad a la adultez es un g\u00e9nero cinematogr\u00e1fico que ha marcado clich\u00e9s y lugares comunes. Pero he aqu\u00ed una pel\u00edcula muy graciosa, delicada y fresca, con deliciosas actuaciones y canciones, que sorprende por su autenticidad al pintar esa etapa de vida que todos conocemos, que habla sobre la amistad, el primer amor, el desconcierto sexual, la inocencia y la crueldad de aquellos maravillosos a\u00f1os.<\/span>\r\n<span style=\"color: #000000;\">Benoit es un chico t\u00edmido de 13 a\u00f1os que llega a Par\u00eds. Es \u201cel novato\u201d del colegio, motivo para que una pandilla de arrogantes le humillen y hagan bromas pesadas. Hasta que un d\u00eda llega a clase una nueva y bella compa\u00f1era sueca. A la par de sus relaciones con otros marginados (un grandul\u00f3n ingenuo, una tierna minusv\u00e1lida y un charlat\u00e1n sabelotodo), Benoit sigue los consejos de su t\u00edo, un tipo \u201cde onda\u201d, y organiza una fiesta para toda la clase. Ser\u00e1 la ocasi\u00f3n perfecta para empezar a ser popular y acercarse a Johanna. Pero las cosas no ocurren como esperadas.<\/span><\/p>\r\n<p style=\"text-align: left;\">\r\n<span style=\"color: #000000;\">PAULA\u00a0(\u00eddem)<\/span>\r\n<span style=\"color: #000000;\">Alemania \/ Francia 2016 \u2013 Color 123 min.<\/span>\r\n<span style=\"color: #000000;\">Direcci\u00f3n: Christian Schwochow<\/span>\r\n<span style=\"color: #000000;\">Gui\u00f3n: Stefan Kolditz y Stephan Suschke<\/span>\r\n<span style=\"color: #000000;\">Fotograf\u00eda: Frank Lamm<\/span>\r\n<span style=\"color: #000000;\">Con: Carla Juri, Albrecht Schuch, Roxane Duran, Joel Basman, Stanley Weber, Michael Abendroth y otros.<\/span>\r\n<span style=\"color: #000000;\">\u00a0<\/span><\/p>\r\n<p style=\"text-align: left;\">\r\n<span style=\"color: #000000;\">Premio Mejor Fotograf\u00eda en el Festival de Cine de Bavaria 2017; Mejor Dise\u00f1o Art\u00edstico y Mejor Dise\u00f1o de Vestuario por la Academia de Cine de Alemania 2017; Mejor Fotograf\u00eda y Mejor Maquillaje en el Festival de Cine de Locarno; entre otros.<\/span>\r\n<span style=\"color: #000000;\">\u00a0<\/span><\/p>\r\n<p style=\"text-align: left;\">\r\n<span style=\"color: #000000;\">Emocionante retrato sobre la emancipaci\u00f3n art\u00edstica y la lucha por la libertad creativa es este homenaje a la vida y obra de la artista pl\u00e1stica alemana Paula Becker, pionera del arte moderno y anticipadora del expresionismo pict\u00f3rico a inicio del siglo XX. Debi\u00f3 enfrentarse a actitudes hoy plenamente machistas y conservadoras, pero se convirti\u00f3 en la primera mujer en la historia del arte en tener un museo dedicado totalmente a su obra, tras dejar en su corta vida m\u00e1s de 750 \u00f3leos y 1.000 dibujos.<\/span>\r\n<span style=\"color: #000000;\">La incorrecci\u00f3n de Paula con la sociedad de su tiempo, los peligros de enfrentar los mecanismos de dominaci\u00f3n y marginaci\u00f3n femenina, su desesperaci\u00f3n en la b\u00fasqueda de su propia identidad con convicci\u00f3n firme y esp\u00edritu libre, cobran vida en un relato sensorial de gran belleza visual, una recreaci\u00f3n colorida y pl\u00e1stica, una excelente puesta en escena y una interpretaci\u00f3n superlativa que conjuga una entra\u00f1able mixtura de inocencia y pasi\u00f3n.<\/span><\/p>\r\n<p style=\"text-align: left;\"><\/p>\r\n<p style=\"text-align: left;\"><span style=\"color: #000000;\">Fuente: <em>Fundaci\u00f3n Cinemateca<\/em>\u00a0<\/span><\/p>","protected":false},"excerpt":{"rendered":"<p>Cinemarte celebra. Tres imperdibles y divertidas pel\u00edculas en la semana de la Amistad y con un precio especial para emocionar a los amigos cin\u00e9filos. En celebraci\u00f3n de la Amistad CINEMARTE EN TU PANTALLA propone pel\u00edculas multi-premiadas que fueron favoritas del p\u00fablico en el Festival de Asunci\u00f3n: la danesa LA CULPA, la francesa EL NOVATO y<\/p>\n<div class=\"read-more\"><a href=\"http:\/\/www.cid.com.py\/v1\/2844\" title=\"Read More\">Read More<\/a><\/div>\n","protected":false},"author":5,"featured_media":2845,"comment_status":"closed","ping_status":"closed","sticky":false,"template":"","format":"standard","meta":{"footnotes":""},"categories":[12],"tags":[379,1443,1471],"class_list":{"0":"post-2844","1":"post","2":"type-post","3":"status-publish","4":"format-standard","5":"has-post-thumbnail","7":"category-arte-y-espectaculos","8":"tag-cine","9":"tag-cinemarte","10":"tag-fundacion-cinemateca"},"_links":{"self":[{"href":"http:\/\/www.cid.com.py\/v1\/wp-json\/wp\/v2\/posts\/2844"}],"collection":[{"href":"http:\/\/www.cid.com.py\/v1\/wp-json\/wp\/v2\/posts"}],"about":[{"href":"http:\/\/www.cid.com.py\/v1\/wp-json\/wp\/v2\/types\/post"}],"author":[{"embeddable":true,"href":"http:\/\/www.cid.com.py\/v1\/wp-json\/wp\/v2\/users\/5"}],"replies":[{"embeddable":true,"href":"http:\/\/www.cid.com.py\/v1\/wp-json\/wp\/v2\/comments?post=2844"}],"version-history":[{"count":4,"href":"http:\/\/www.cid.com.py\/v1\/wp-json\/wp\/v2\/posts\/2844\/revisions"}],"predecessor-version":[{"id":2849,"href":"http:\/\/www.cid.com.py\/v1\/wp-json\/wp\/v2\/posts\/2844\/revisions\/2849"}],"wp:featuredmedia":[{"embeddable":true,"href":"http:\/\/www.cid.com.py\/v1\/wp-json\/wp\/v2\/media\/2845"}],"wp:attachment":[{"href":"http:\/\/www.cid.com.py\/v1\/wp-json\/wp\/v2\/media?parent=2844"}],"wp:term":[{"taxonomy":"category","embeddable":true,"href":"http:\/\/www.cid.com.py\/v1\/wp-json\/wp\/v2\/categories?post=2844"},{"taxonomy":"post_tag","embeddable":true,"href":"http:\/\/www.cid.com.py\/v1\/wp-json\/wp\/v2\/tags?post=2844"}],"curies":[{"name":"wp","href":"https:\/\/api.w.org\/{rel}","templated":true}]}}