{"id":3387,"date":"2022-04-21T18:32:08","date_gmt":"2022-04-21T18:32:08","guid":{"rendered":"http:\/\/www.cid.com.py\/v1\/?p=3387"},"modified":"2022-04-21T18:41:59","modified_gmt":"2022-04-21T18:41:59","slug":"3387","status":"publish","type":"post","link":"http:\/\/www.cid.com.py\/v1\/3387","title":{"rendered":"Valioso e hist\u00f3rico rescate"},"content":{"rendered":"<p style=\"text-align: left;\"><span style=\"color: #000000;\">\u00a0<\/span>\r\n<span style=\"color: #000000;\"><strong>JACINTO HERRERA:<\/strong><\/span><\/p>\r\n<p style=\"text-align: left;\"><span style=\"color: #000000;\"><a style=\"color: #000000;\" href=\"http:\/\/www.cid.com.py\/v1\/wp-content\/uploads\/2022\/04\/BEECF9BE-0E0A-40BF-A976-A5E436F7D156.jpeg\"><img loading=\"lazy\" decoding=\"async\" class=\"alignleft size-thumbnail wp-image-3378\" src=\"http:\/\/www.cid.com.py\/v1\/wp-content\/uploads\/2022\/04\/BEECF9BE-0E0A-40BF-A976-A5E436F7D156-150x150.jpeg\" alt=\"BEECF9BE-0E0A-40BF-A976-A5E436F7D156\" width=\"150\" height=\"150\" srcset=\"http:\/\/www.cid.com.py\/v1\/wp-content\/uploads\/2022\/04\/BEECF9BE-0E0A-40BF-A976-A5E436F7D156-150x150.jpeg 150w, http:\/\/www.cid.com.py\/v1\/wp-content\/uploads\/2022\/04\/BEECF9BE-0E0A-40BF-A976-A5E436F7D156-300x300.jpeg 300w, http:\/\/www.cid.com.py\/v1\/wp-content\/uploads\/2022\/04\/BEECF9BE-0E0A-40BF-A976-A5E436F7D156.jpeg 621w\" sizes=\"(max-width: 150px) 100vw, 150px\" \/><\/a><\/span><\/p>\r\n<p style=\"text-align: left;\"><span style=\"color: #000000;\"><em>Talento y Humanidad del Actor que hizo historia<\/em><\/span><\/p>\r\n<p style=\"text-align: left;\"><span style=\"color: #000000;\">\u00a0<\/span>\r\n<span style=\"color: #000000;\"><strong>ARA FILMS PRODUCCIONES<\/strong> anuncia la presentaci\u00f3n p\u00fablica de la Serie de Podcasts en 5 Cap\u00edtulos JACINTO HERRERA: Talento y Humanidad del Actor que Hizo Historia el pr\u00f3ximo martes 26 de abril a las 19 h. en el auditorio Ruy D\u00edaz de Guzm\u00e1n de la Manzana de la Rivera. La entrada ser\u00e1 libre y gratuita.<\/span><\/p>\r\n<p style=\"text-align: left;\"><span style=\"color: #000000;\">Se trata de un emprendimiento ciudadano de Rescate Hist\u00f3rico dedicado al paraguayo triunfador Jacinto Herrera, el gran locutor de radio y televisi\u00f3n, celebrado actor de cine, teatro y radioteatro, profesional querido y respetado tanto por sus colegas como por el p\u00fablico, que naci\u00f3 en Asunci\u00f3n el 4 de julio de 1919 y falleci\u00f3 en su misma ciudad el 10 de julio de 1969.<\/span>\r\n<span style=\"color: #000000;\">\u00a0<\/span>\r\n<span style=\"color: #000000;\">Esta realizaci\u00f3n 2021-2022 de ARA FILMS PRODUCCIONES, bajo la conducci\u00f3n del investigador, cineasta y docente paraguayo Hugo Gamarra Etcheverry, ha sido posible mediante el Fondo Municipal de Asunci\u00f3n Investigaci\u00f3n de las Artes y la Cultura, con el apoyo de la Fundaci\u00f3n Cinemateca del Paraguay, la Paraguaya Inmobiliaria SA y el Instituto Profesional de Artes y Ciencias de la Comunicaci\u00f3n, con un equipo de profesionales en Asunci\u00f3n y Buenos Aires.<\/span>\r\n<span style=\"color: #000000;\">\u00a0<\/span>\r\n<span style=\"color: #000000;\">\u00a0<\/span><\/p>\r\n<p style=\"text-align: left;\"><span style=\"color: #000000;\">\u00a0<\/span>\r\n<span style=\"color: #000000;\"><strong>LA SERIE DE PODCASTS EN 5 CAP\u00cdTULOS<\/strong><\/span><\/p>\r\n<p style=\"text-align: left;\"><span style=\"color: #000000;\">La producci\u00f3n de la Serie fue el resultado de un prol\u00edfico trabajo de investigaci\u00f3n y recopilaci\u00f3n sin precedente en la historia de la radiofon\u00eda, el teatro, la televisi\u00f3n y el cine, sobre la presencia de Jacinto Herrera en los escenarios y los medios de comunicaci\u00f3n.<\/span>\r\n<span style=\"color: #000000;\">\u00a0<\/span><\/p>\r\n<p style=\"text-align: left;\"><span style=\"color: #000000;\">Con un estilo de narrativa period\u00edstica y po\u00e9tica, los 5 Cap\u00edtulos (de aproximadamente 30 min. cada uno) recorren la rica y extensa trayectoria art\u00edstica de Jacinto Herrera, abarcando su particular humanidad y el contexto sociocultural en que vivi\u00f3.<\/span>\r\n<span style=\"color: #000000;\">\u00a0<\/span><\/p>\r\n<p style=\"text-align: left;\"><span style=\"color: #000000;\">El folleto digital adjunto brinda informaciones sobre el contenido de los Cap\u00edtulos que llevan los siguientes t\u00edtulos: Nace el artista; Triunfar en Buenos Aires; Su carrera cinematogr\u00e1fica; De vuelta al Paraguay; y Humanidad y legado.<\/span>\r\n<span style=\"color: #000000;\">\u00a0<\/span><\/p>\r\n<p style=\"text-align: left;\"><span style=\"color: #000000;\">Abajo y en el mismo folleto digital se encuentra la Ficha T\u00e9cnica \u2013 Cr\u00e9ditos y la n\u00f3mina de las personalidades que aportaron sus testimonios documentales para este trabajo de Rescate Hist\u00f3rico realizado en Asunci\u00f3n y Buenos Aires.<\/span>\r\n<span style=\"color: #000000;\">\u00a0<\/span><\/p>\r\n<p style=\"text-align: left;\"><span style=\"color: #000000;\">La Serie ser\u00e1 anunciada por redes sociales y ser\u00e1 ampliamente difundida por emisoras radiales nacionales y extranjeras. Estar\u00e1 disponible en el Canal Youtube y SoundCloud de la Fundaci\u00f3n Cinemateca del Paraguay a partir del martes 26 del cte.<\/span><\/p>\r\n<p style=\"text-align: left;\"><span style=\"color: #000000;\">\u00a0<\/span>\r\n<span style=\"color: #000000;\"><strong>MOTIVACI\u00d3N<\/strong><\/span><\/p>\r\n<p style=\"text-align: left;\"><span style=\"color: #000000;\">El promotor principal de este emprendimiento ciudadano, el cineasta, investigador, presidente de la Fundaci\u00f3n Cinemateca del Paraguay y fundador-director del Festival Internacional de Cine del Paraguay, Hugo Gamarra Etcheverry, expresa: \u201cCreo que en el arte, como en otras profesiones y oficios, hay figuras que se diluyen en el tiempo. Y hay personalidades que no se apagan, como si siguieran encendidas las hogueras de sus talentos, de la pasi\u00f3n dedicada al arte que profesaron.<\/span><\/p>\r\n<p style=\"text-align: left;\"><span style=\"color: #000000;\"> Jacinto Herrera es una de estas personas, una personalidad imponente de nuestra cultura. De ni\u00f1o llegu\u00e9 a verlo y oirlo en la televisi\u00f3n. Ten\u00eda un don, una vitalidad y un carisma que hasta hoy recuerdo vivamente. A\u00f1os m\u00e1s tarde investigu\u00e9 su filmograf\u00eda y estudi\u00e9 sus personajes en tantas pel\u00edculas, porque fue a trav\u00e9s del cine que Jacinto se convirti\u00f3 en el actor de mayor resonancia internacional que ha dado el Paraguay. Sin embargo, este hombre que hizo mucho por elevar el nivel art\u00edstico de su pa\u00eds, ha sido ingratamente olvidado y es hoy un desconocido para las nuevas generaciones. Y es una pena que no existe un libro o una pel\u00edcula documental sobre Jacinto Herrera. <\/span><\/p>\r\n<p style=\"text-align: left;\"><span style=\"color: #000000;\">Con este emprendimiento damos el primer paso para revertir esta situaci\u00f3n, con la intenci\u00f3n de recuperar su figura para el orgullo de Asunci\u00f3n y para que sirva de inspiraci\u00f3n en las artes y la cultura del Paraguay. Muchas personas en Asunci\u00f3n y en Buenos Aires se han unido a este trabajo de Rescate Hist\u00f3rico. Mi gratitud a cada uno de ellos.\u201d<\/span><\/p>\r\n<p style=\"text-align: left;\"><span style=\"color: #000000;\"><strong>FICHA T\u00c9CNICA Y CR\u00c9DITOS<\/strong><\/span><\/p>\r\n<p style=\"text-align: left;\"><span style=\"color: #000000;\">Idea Original, Direcci\u00f3n y Producci\u00f3n:\u00a0Hugo Gamarra Etcheverry<\/span><\/p>\r\n<p style=\"text-align: left;\"><span style=\"color: #000000;\">Investigaci\u00f3n y Documentaci\u00f3n en Asunci\u00f3n y Buenos Aires:\u00a0Julie Banks, Eduardo Palacios, Ovidio Ottaviano, Sara Quintana, Francisco Mart\u00ednez, Renata Pachioni, Graciela Fretes, Carlos Molina, Romina Mart\u00ednez, H\u00e9ctor Criado U.<\/span><\/p>\r\n<p style=\"text-align: left;\"><span style=\"color: #000000;\">Guiones y Libretos:\u00a0Hugo Gamarra y Eduardo Palacios<\/span><\/p>\r\n<p style=\"text-align: left;\"><span style=\"color: #000000;\">Relator:\u00a0Eduardo Palacios<\/span><\/p>\r\n<p style=\"text-align: left;\"><span style=\"color: #000000;\">Edici\u00f3n, Dise\u00f1o y Mezcla Sonora:\u00a0Francisco Mart\u00ednez<\/span><\/p>\r\n<p style=\"text-align: left;\"><span style=\"color: #000000;\">M\u00fasica:\u00a0Sebasti\u00e1n Jim\u00e9nez &#8211; Tema \u201cEn alg\u00fan lugar de Asunci\u00f3n, una l\u00e1grima\u201d<\/span><\/p>\r\n<p style=\"text-align: left;\"><span style=\"color: #000000;\">Imagen Principal:\u00a0Celeste Prieto<\/span><\/p>\r\n<p style=\"text-align: left;\"><span style=\"color: #000000;\">Dise\u00f1os y Difusi\u00f3n:\u00a0Renata Pachioni y Carlos Molina<\/span><\/p>\r\n<p style=\"text-align: left;\"><span style=\"color: #000000;\"><strong>TESTIMONIOS DOCUMENTALES<\/strong><\/span><\/p>\r\n<p style=\"text-align: left;\"><span style=\"color: #000000;\">Agust\u00edn Nu\u00f1ez, Alcib\u00edades Gonz\u00e1lez Delvalle, Antonio Pecci, Armando Almada Roche, Arnaldo Andr\u00e9, Bernardo Nery Farina, Carlos G\u00f3mez, Clotilde Cabral, Diana Mendoza, Edith Victoria, Ernesto Abdo, Graciela Pastor, Hugo Gamarra Etcheverry, Humberto Rub\u00edn, Loren Acu\u00f1a, Osvaldo Gonz\u00e1lez Real, Pablo De Vita, Richard Cuevas, Roger Bernalbe, Roque Centuri\u00f3n Miranda (h), Seraf\u00edn Francia Campo y Tito Jara Rom\u00e1n.<\/span><\/p>\r\n<p style=\"text-align: left;\"><span style=\"color: #000000;\">Participaci\u00f3n Especial de:\u00a0Chony Calder\u00f3n, Juan Pablo Acosta, Mario To\u00f1anez y Miguel \u00c1ngel Senz<\/span><\/p>\r\n<p style=\"text-align: left;\"><span style=\"color: #000000;\"><em>CONTACTOS :\u00a0<\/em>\u00a0 <strong>HUGO GAMARRA .\u00a0 Cel. 0986 962875<\/strong><\/span><\/p>\r\n<p style=\"text-align: left;\"><span style=\"color: #000000;\"><strong>\u00a0 \u00a0 \u00a0 \u00a0 \u00a0 \u00a0 \u00a0 \u00a0 \u00a0 \u00a0 \u00a0 \u00a0 \u00a0 \u00a0 EDUARDO PALACIOS Cel. 0981 468139<\/strong><\/span><\/p>\r\n<p style=\"text-align: left;\"><em>Fuente:<\/em>\u00a0<strong>ARA FILMS PRODUCCIONES<\/strong><\/p>","protected":false},"excerpt":{"rendered":"<p>\u00a0 JACINTO HERRERA: Talento y Humanidad del Actor que hizo historia \u00a0 ARA FILMS PRODUCCIONES anuncia la presentaci\u00f3n p\u00fablica de la Serie de Podcasts en 5 Cap\u00edtulos JACINTO HERRERA: Talento y Humanidad del Actor que Hizo Historia el pr\u00f3ximo martes 26 de abril a las 19 h. en el auditorio Ruy D\u00edaz de Guzm\u00e1n de<\/p>\n<div class=\"read-more\"><a href=\"http:\/\/www.cid.com.py\/v1\/3387\" title=\"Read More\">Read More<\/a><\/div>\n","protected":false},"author":5,"featured_media":3388,"comment_status":"closed","ping_status":"closed","sticky":false,"template":"","format":"standard","meta":{"footnotes":""},"categories":[12],"tags":[1981,1980,1485,1982],"class_list":{"0":"post-3387","1":"post","2":"type-post","3":"status-publish","4":"format-standard","5":"has-post-thumbnail","7":"category-arte-y-espectaculos","8":"tag-ara-films-producciones","9":"tag-eduardo-palacios","10":"tag-hugo-gamarra-etcheverry","11":"tag-jacinto-herrera"},"_links":{"self":[{"href":"http:\/\/www.cid.com.py\/v1\/wp-json\/wp\/v2\/posts\/3387"}],"collection":[{"href":"http:\/\/www.cid.com.py\/v1\/wp-json\/wp\/v2\/posts"}],"about":[{"href":"http:\/\/www.cid.com.py\/v1\/wp-json\/wp\/v2\/types\/post"}],"author":[{"embeddable":true,"href":"http:\/\/www.cid.com.py\/v1\/wp-json\/wp\/v2\/users\/5"}],"replies":[{"embeddable":true,"href":"http:\/\/www.cid.com.py\/v1\/wp-json\/wp\/v2\/comments?post=3387"}],"version-history":[{"count":6,"href":"http:\/\/www.cid.com.py\/v1\/wp-json\/wp\/v2\/posts\/3387\/revisions"}],"predecessor-version":[{"id":3394,"href":"http:\/\/www.cid.com.py\/v1\/wp-json\/wp\/v2\/posts\/3387\/revisions\/3394"}],"wp:featuredmedia":[{"embeddable":true,"href":"http:\/\/www.cid.com.py\/v1\/wp-json\/wp\/v2\/media\/3388"}],"wp:attachment":[{"href":"http:\/\/www.cid.com.py\/v1\/wp-json\/wp\/v2\/media?parent=3387"}],"wp:term":[{"taxonomy":"category","embeddable":true,"href":"http:\/\/www.cid.com.py\/v1\/wp-json\/wp\/v2\/categories?post=3387"},{"taxonomy":"post_tag","embeddable":true,"href":"http:\/\/www.cid.com.py\/v1\/wp-json\/wp\/v2\/tags?post=3387"}],"curies":[{"name":"wp","href":"https:\/\/api.w.org\/{rel}","templated":true}]}}