{"id":3432,"date":"2022-05-30T18:50:21","date_gmt":"2022-05-30T18:50:21","guid":{"rendered":"http:\/\/www.cid.com.py\/v1\/?p=3432"},"modified":"2022-05-30T19:00:30","modified_gmt":"2022-05-30T19:00:30","slug":"contando-y-cantando-a-la-patria","status":"publish","type":"post","link":"http:\/\/www.cid.com.py\/v1\/3432","title":{"rendered":"Contando y Cantando a la Patria"},"content":{"rendered":"<p style=\"text-align: left;\"><span style=\"color: #000000;\"><strong>Concierto y conferencia.<\/strong><\/span><\/p>\r\n<p style=\"text-align: left;\"><span style=\"color: #000000;\"><a style=\"color: #000000;\" href=\"http:\/\/www.cid.com.py\/v1\/wp-content\/uploads\/2022\/05\/1D00EF30-557A-43F3-BC91-63C030834245.jpeg\"><img loading=\"lazy\" decoding=\"async\" class=\"alignleft size-thumbnail wp-image-3433\" src=\"http:\/\/www.cid.com.py\/v1\/wp-content\/uploads\/2022\/05\/1D00EF30-557A-43F3-BC91-63C030834245-150x150.jpeg\" alt=\"1D00EF30-557A-43F3-BC91-63C030834245\" width=\"150\" height=\"150\" \/><\/a><\/span><\/p>\r\n<p style=\"text-align: left;\"><span style=\"color: #000000;\">Un deleite musical a cargo de la consagrada compositora e interprete Lizza Bogado, quien entre un extenso recorrido oral a cargo de su compa\u00f1ero de la vida, Benjam\u00edn Fern\u00e1ndez Bogado, ofreci\u00f3 un amplio repertorio con temas que contagiaron en \u00e1nimo al p\u00fablico presente. <\/span><\/p>\r\n<p style=\"text-align: left;\"><span style=\"color: #000000;\">\u00a0<\/span>\r\n<span style=\"color: #000000;\">El interesante y nuevo formato de fusionar una conferencia con la m\u00fasica, que lo instalan en un auditorio esta pareja de reconocidos profesionales, cada uno en su especialidad, fue organizado por la Cooperativa de las Fuerzas Armadas de la Naci\u00f3n (Cofan), en su local social ubicado en el kil\u00f3metro 5 del barrio San Pablo.<\/span><\/p>\r\n<p style=\"text-align: left;\"><span style=\"color: #000000;\">\u00a0<\/span>\r\n<span style=\"color: #000000;\">El tema central fue rendir un acertado homenaje a la Patria, primero haciendo un viaje hist\u00f3rico del Paraguay, recordando al Doctor Jos\u00e9 Gaspar Rodr\u00edguez de Francia, Don Carlos Antonio L\u00f3pez, el Mariscal Francisco Solano L\u00f3pez, otros destacados como los Ayala, Eligio y Eusebio, el Mariscal Jos\u00e9 F\u00e9lix Estigarribia, Juan E. O\u2019leary, Fulgencio R. Moreno, el General Alfredo Stroeesner, hasta llegar a nuestro d\u00edas, en un h\u00e1bil relato que no fue cronol\u00f3gico, pero uniendo eslabones que no distra\u00eda la atenci\u00f3n de los presentes y rescatar el valor de la Patria, con la disertaci\u00f3n del Doctor Benjam\u00edn Fern\u00e1ndez Bogado.<\/span><\/p>\r\n<p style=\"text-align: left;\"><span style=\"color: #000000;\"><a style=\"color: #000000;\" href=\"http:\/\/www.cid.com.py\/v1\/wp-content\/uploads\/2022\/05\/7B987B27-6427-46B5-9F20-8A80B755A293.jpeg\"><img loading=\"lazy\" decoding=\"async\" class=\"alignright size-thumbnail wp-image-3434\" src=\"http:\/\/www.cid.com.py\/v1\/wp-content\/uploads\/2022\/05\/7B987B27-6427-46B5-9F20-8A80B755A293-150x150.jpeg\" alt=\"7B987B27-6427-46B5-9F20-8A80B755A293\" width=\"150\" height=\"150\" \/><\/a>\u00a0<\/span>\r\n<span style=\"color: #000000;\">El acompa\u00f1amiento del transitar hist\u00f3rico fue de la mano, o mejor en este caso, de la voz inconfundible de Lizza Bogado, quien interpreto temas \u00e9picos muy conocidos que motivaron a los integrantes de la platea, en su mayor\u00eda miliares en actividad y sus familiares, que premiaban los temas con entusiastas aplausos. <\/span><\/p>\r\n<p style=\"text-align: left;\"><span style=\"color: #000000;\">\u00a0<\/span>\r\n<span style=\"color: #000000;\">Finalmente, el disertante autor de varios libros fue abordado por\u00a0 casi todos los asistentes interesados en lograr conseguir que les firme alguno de sus textos disponibles en esa jornada. \u00a0\u00a0<\/span><\/p>","protected":false},"excerpt":{"rendered":"<p>Concierto y conferencia. Un deleite musical a cargo de la consagrada compositora e interprete Lizza Bogado, quien entre un extenso recorrido oral a cargo de su compa\u00f1ero de la vida, Benjam\u00edn Fern\u00e1ndez Bogado, ofreci\u00f3 un amplio repertorio con temas que contagiaron en \u00e1nimo al p\u00fablico presente. \u00a0 El interesante y nuevo formato de fusionar una<\/p>\n<div class=\"read-more\"><a href=\"http:\/\/www.cid.com.py\/v1\/3432\" title=\"Read More\">Read More<\/a><\/div>\n","protected":false},"author":5,"featured_media":3433,"comment_status":"closed","ping_status":"closed","sticky":false,"template":"","format":"standard","meta":{"footnotes":""},"categories":[12],"tags":[2025,2024,876,437,2023,389,43,2026],"class_list":{"0":"post-3432","1":"post","2":"type-post","3":"status-publish","4":"format-standard","5":"has-post-thumbnail","7":"category-arte-y-espectaculos","8":"tag-benjamin-fernandez-bogado","9":"tag-cofan","10":"tag-concierto","11":"tag-conferencia","12":"tag-lizza-bogado","13":"tag-musica","14":"tag-paraguay","15":"tag-patria"},"_links":{"self":[{"href":"http:\/\/www.cid.com.py\/v1\/wp-json\/wp\/v2\/posts\/3432"}],"collection":[{"href":"http:\/\/www.cid.com.py\/v1\/wp-json\/wp\/v2\/posts"}],"about":[{"href":"http:\/\/www.cid.com.py\/v1\/wp-json\/wp\/v2\/types\/post"}],"author":[{"embeddable":true,"href":"http:\/\/www.cid.com.py\/v1\/wp-json\/wp\/v2\/users\/5"}],"replies":[{"embeddable":true,"href":"http:\/\/www.cid.com.py\/v1\/wp-json\/wp\/v2\/comments?post=3432"}],"version-history":[{"count":5,"href":"http:\/\/www.cid.com.py\/v1\/wp-json\/wp\/v2\/posts\/3432\/revisions"}],"predecessor-version":[{"id":3439,"href":"http:\/\/www.cid.com.py\/v1\/wp-json\/wp\/v2\/posts\/3432\/revisions\/3439"}],"wp:featuredmedia":[{"embeddable":true,"href":"http:\/\/www.cid.com.py\/v1\/wp-json\/wp\/v2\/media\/3433"}],"wp:attachment":[{"href":"http:\/\/www.cid.com.py\/v1\/wp-json\/wp\/v2\/media?parent=3432"}],"wp:term":[{"taxonomy":"category","embeddable":true,"href":"http:\/\/www.cid.com.py\/v1\/wp-json\/wp\/v2\/categories?post=3432"},{"taxonomy":"post_tag","embeddable":true,"href":"http:\/\/www.cid.com.py\/v1\/wp-json\/wp\/v2\/tags?post=3432"}],"curies":[{"name":"wp","href":"https:\/\/api.w.org\/{rel}","templated":true}]}}