{"id":3583,"date":"2023-02-02T13:10:56","date_gmt":"2023-02-02T13:10:56","guid":{"rendered":"http:\/\/www.cid.com.py\/v1\/?p=3583"},"modified":"2023-02-02T13:10:56","modified_gmt":"2023-02-02T13:10:56","slug":"importante-distincion-para-un-programa-radial","status":"publish","type":"post","link":"http:\/\/www.cid.com.py\/v1\/3583","title":{"rendered":"Importante distinci\u00f3n para un programa radial"},"content":{"rendered":"<p style=\"text-align: left;\"><span style=\"color: #000000;\"><strong>Merecido galard\u00f3n para conductora.<\/strong>\u00a0<\/span><\/p>\r\n\r\n\r\n<div id=\"attachment_3584\" style=\"width: 160px\" class=\"wp-caption alignleft\"><a style=\"color: #000000;\" href=\"http:\/\/www.cid.com.py\/v1\/wp-content\/uploads\/2023\/02\/IMG_2182.jpeg\"><img loading=\"lazy\" decoding=\"async\" aria-describedby=\"caption-attachment-3584\" class=\"wp-image-3584 size-thumbnail\" src=\"http:\/\/www.cid.com.py\/v1\/wp-content\/uploads\/2023\/02\/IMG_2182-150x150.jpeg\" alt=\"IMG_2182\" width=\"150\" height=\"150\" srcset=\"http:\/\/www.cid.com.py\/v1\/wp-content\/uploads\/2023\/02\/IMG_2182-150x150.jpeg 150w, http:\/\/www.cid.com.py\/v1\/wp-content\/uploads\/2023\/02\/IMG_2182-300x299.jpeg 300w, http:\/\/www.cid.com.py\/v1\/wp-content\/uploads\/2023\/02\/IMG_2182-1024x1024.jpeg 1024w, http:\/\/www.cid.com.py\/v1\/wp-content\/uploads\/2023\/02\/IMG_2182.jpeg 1242w\" sizes=\"(max-width: 150px) 100vw, 150px\" \/><\/a><p id=\"caption-attachment-3584\" class=\"wp-caption-text\">Cr\u00e9dito de la fotograf\u00eda: Mar\u00eda Luisa Ferreira<\/p><\/div>\r\n<p style=\"text-align: left;\"><span style=\"color: #000000;\">El Ateneo de Lengua y Cultura Guaran\u00ed, instituci\u00f3n filantr\u00f3pica aut\u00f3noma fundada el 23 de septiembre de 1985, para \u201cla recuperaci\u00f3n, valoraci\u00f3n y difusi\u00f3n del idioma, folklore y cultura guaran\u00ed\u201d, resolvi\u00f3 entregar su m\u00e1s alta distinci\u00f3n el Galard\u00f3n Diploma de Honor \u201cAmigo Solidario del Idioma Guaran\u00ed\u201d, al programa de la 95.1 FM Nacional \u201cEn Torno al Mediod\u00eda\u201d, en la persona de su conductora, la periodista y docente, Mar\u00eda Luisa Ferreira.<\/span><\/p>\r\n<p style=\"text-align: left;\"><span style=\"color: #000000;\">\u201cEn Torno al Mediod\u00eda\u201d, que cumple tres a\u00f1os el 17 de febrero del 2023, difunde m\u00fasica popular consagrada, internacional y nacional, y posee un segmento de m\u00fasica folkl\u00f3rica. Los comentarios entre las 16 canciones diarias programadas, versan sobre biograf\u00eda de autores, an\u00e9cdotas de los compositores, informaci\u00f3n cultural y efem\u00e9rides art\u00edsticas. <\/span><\/p>\r\n<p style=\"text-align: left;\"><span style=\"color: #000000;\">El programa que pertenece al staff de la emisora estatal, tiene una gran audiencia a nivel local e internacional, conformada por personas de diferentes \u00e1mbitos, entre ellos, el art\u00edstico, cultural, diplom\u00e1tico y ciudadanos en general, que se comunican a trav\u00e9s de las redes sociales y el tel\u00e9fono de la emisora.<\/span><\/p>\r\n<p style=\"text-align: left;\"><span style=\"color: #000000;\">Dentro del programa \u201cEn Torno al Mediod\u00eda\u201d, que se emite en vivo, tambi\u00e9n se difunde a diario, los titulares de la Agencia Estatal IP de Noticias. Posee un segmento informativo preparado por el periodista V\u00edctor Alderete. \u201cEn Torno al Mediod\u00eda\u201d est\u00e1 al aire de lunes a viernes de 11:00 a 12:30 horas desde los estudios de Radio Nacional.<\/span><\/p>\r\n<p style=\"text-align: left;\"><span style=\"color: #000000;\">Las emisoras del estado paraguayo, cuyo director es el periodista Roberto P\u00e9rez Ben\u00edtez, dependen de la Direcci\u00f3n General de Medios del Estado del Ministerio de Tecnolog\u00edas de la Informaci\u00f3n y Comunicaci\u00f3n (MITIC).<\/span><\/p>\r\n<p style=\"text-align: left;\"><span style=\"color: #000000;\">La premiaci\u00f3n ser\u00e1 el domingo 5 de febrero, en acto especial a las 11:15 horas en la sede Central del Ateneo, Julia Miranda Cueto 1721, Fernando de la Mora. Presidir\u00e1 el acto, el presidente del Ateneo, Mbo\u00b4ehara David Galeano Olivera.<\/span><\/p>\r\n<p style=\"text-align: left;\"><span style=\"color: #000000;\">Fuente:<em>\u00a0Ateneo de Lengua y Cultura Guaran\u00ed<\/em><\/span><\/p>","protected":false},"excerpt":{"rendered":"<p>Merecido galard\u00f3n para conductora.\u00a0 El Ateneo de Lengua y Cultura Guaran\u00ed, instituci\u00f3n filantr\u00f3pica aut\u00f3noma fundada el 23 de septiembre de 1985, para \u201cla recuperaci\u00f3n, valoraci\u00f3n y difusi\u00f3n del idioma, folklore y cultura guaran\u00ed\u201d, resolvi\u00f3 entregar su m\u00e1s alta distinci\u00f3n el Galard\u00f3n Diploma de Honor \u201cAmigo Solidario del Idioma Guaran\u00ed\u201d, al programa de la 95.1 FM<\/p>\n<div class=\"read-more\"><a href=\"http:\/\/www.cid.com.py\/v1\/3583\" title=\"Read More\">Read More<\/a><\/div>\n","protected":false},"author":5,"featured_media":3584,"comment_status":"closed","ping_status":"closed","sticky":false,"template":"","format":"standard","meta":{"footnotes":""},"categories":[12],"tags":[2126,2121,2124,2120,2125,2123,2116,2118,2117,167,2119,2122],"class_list":{"0":"post-3583","1":"post","2":"type-post","3":"status-publish","4":"format-standard","5":"has-post-thumbnail","7":"category-arte-y-espectaculos","8":"tag-ateneo-de-lengua-y-cultura-guarani","9":"tag-david-galeno-olivera","10":"tag-diploma-de-honor","11":"tag-en-torno-al-medio-dia","12":"tag-galardon","13":"tag-galardon-diploma-de-honor","14":"tag-maria-luisa-ferreira","15":"tag-programa","16":"tag-programa-de-radio","17":"tag-radio","18":"tag-radio-nacional","19":"tag-amigo-solidario-del-idioma-guarani"},"_links":{"self":[{"href":"http:\/\/www.cid.com.py\/v1\/wp-json\/wp\/v2\/posts\/3583"}],"collection":[{"href":"http:\/\/www.cid.com.py\/v1\/wp-json\/wp\/v2\/posts"}],"about":[{"href":"http:\/\/www.cid.com.py\/v1\/wp-json\/wp\/v2\/types\/post"}],"author":[{"embeddable":true,"href":"http:\/\/www.cid.com.py\/v1\/wp-json\/wp\/v2\/users\/5"}],"replies":[{"embeddable":true,"href":"http:\/\/www.cid.com.py\/v1\/wp-json\/wp\/v2\/comments?post=3583"}],"version-history":[{"count":2,"href":"http:\/\/www.cid.com.py\/v1\/wp-json\/wp\/v2\/posts\/3583\/revisions"}],"predecessor-version":[{"id":3586,"href":"http:\/\/www.cid.com.py\/v1\/wp-json\/wp\/v2\/posts\/3583\/revisions\/3586"}],"wp:featuredmedia":[{"embeddable":true,"href":"http:\/\/www.cid.com.py\/v1\/wp-json\/wp\/v2\/media\/3584"}],"wp:attachment":[{"href":"http:\/\/www.cid.com.py\/v1\/wp-json\/wp\/v2\/media?parent=3583"}],"wp:term":[{"taxonomy":"category","embeddable":true,"href":"http:\/\/www.cid.com.py\/v1\/wp-json\/wp\/v2\/categories?post=3583"},{"taxonomy":"post_tag","embeddable":true,"href":"http:\/\/www.cid.com.py\/v1\/wp-json\/wp\/v2\/tags?post=3583"}],"curies":[{"name":"wp","href":"https:\/\/api.w.org\/{rel}","templated":true}]}}