{"id":363,"date":"2014-08-07T15:09:39","date_gmt":"2014-08-07T15:09:39","guid":{"rendered":"http:\/\/www.cid.com.py\/v1\/?p=363"},"modified":"2014-08-07T15:09:39","modified_gmt":"2014-08-07T15:09:39","slug":"la-poesia-hispanoamericana","status":"publish","type":"post","link":"http:\/\/www.cid.com.py\/v1\/363","title":{"rendered":"La Poes\u00eda Hispanoamericana"},"content":{"rendered":"<strong>Tradici\u00f3n y Renovaci\u00f3n.<\/strong>\r\n\r\n&nbsp;\r\n\r\n<a href=\"http:\/\/www.cid.com.py\/v1\/wp-content\/uploads\/2014\/08\/libro.jpg\"><img loading=\"lazy\" decoding=\"async\" class=\"alignleft size-full wp-image-364\" src=\"http:\/\/www.cid.com.py\/v1\/wp-content\/uploads\/2014\/08\/libro.jpg\" alt=\"libro\" width=\"180\" height=\"280\" \/><\/a>El Taller de Poes\u00eda que dirige el poeta Jacobo Rauskin, proseguir\u00e1 este jueves 07 de Agosto a las 19 hs., en la Biblioteca P\u00fablica Municipal \u201cAugusto Roa Bastos\u201d del Centro Cultural de la Ciudad, Manzana de la Rivera (Ayolas N\u00ba 129 e\/ Benjam\u00edn Constant y El Paraguayo Independiente).\r\n\r\nEste a\u00f1o el tema abordado es \u201cLa Poes\u00eda Hispanoamericana: Tradici\u00f3n y Renovaci\u00f3n\u201d. El mencionado taller est\u00e1 destinado a todas las personas interesadas que deseen comenzar a escribir o sencillamente adquirir un mayor conocimiento literario. El programa tiene como eje ofrecer a los participantes ejemplos fundamentales en lo que ata\u00f1e a la historia de la poes\u00eda universal, poniendo \u00e9nfasis este a\u00f1o en la poes\u00eda hispanoamericana, su tradici\u00f3n y renovaci\u00f3n. En tal sentido, se estudia la influencia de las obras maestras en el desarrollo hist\u00f3rico de la poes\u00eda hispanoamericana. Los participantes realizan ejercicios que luego dar\u00e1n pie a una revisi\u00f3n colectiva del grupo, de modo que todos participen de lo que hacen todos, tanto en el campo de la creaci\u00f3n como de la reflexi\u00f3n. La frecuencia del taller es de dos sesiones por mes, y tiene una duraci\u00f3n de dos horas. Es libre y gratuito.\r\n\r\nJacobo Rauskin, ejerce el cargo de director de la Biblioteca P\u00fablica Municipal Augusto Roa Bastos. Naci\u00f3 en Villarrica en 1941. Fue profesor de literatura en la Universidad Cat\u00f3lica de Asunci\u00f3n durante muchos a\u00f1os y es miembro de la Academia Paraguaya de Lengua Espa\u00f1ola. Posee una vasta y rica trayectoria literaria traducida en la publicaci\u00f3n de numerosos libros desde la d\u00e9cada del 60. Adem\u00e1s de realizar charlas, lectura de poes\u00edas, conferencias en varios pa\u00edses de Am\u00e9rica y Europa, sus obras fueron apareciendo sistem\u00e1ticamente en revistas, libros de antolog\u00edas y peri\u00f3dicos. Su amplia producci\u00f3n po\u00e9tica incluye \u201cOda\u201d (1964), \u201cLinceo\u201d (1965), \u201cCasa perdida\u201d (1971), \u201cNaufragios\u201d (1985), \u201cJard\u00edn de la Pereza\u201d (1987), \u201cLa noche del viaje\u201d (1988), Premio \u201cLa Rep\u00fablica\u201d; \u201cLa canci\u00f3n andariega\u201d (1990), Premio \u201cEl Lector\u201d; \u201cAlegr\u00eda de un hombre que vuelve\u201d (1991), \u201cFogata y dormidero de caminantes\u201d 1994, (Premio Municipal de Literatura). \u201cLa calle del viol\u00edn all\u00e1 lejos\u201d (1997), Premio \u201cRoque Gaona\u201d de la Sociedad de Escritores del Paraguay\u201d; \u201cAdi\u00f3s a la cigarra\u201d (1997), \u201cCanciones elegidas\u201d (1998), \u201cPitogue\u201d (1999), \u201cPoes\u00eda\u201d (1991-1999), \u201cLa ruta de los p\u00e1jaros\u201d (2000), \u201cPoemas viejos\u201d (2001), \u201cAndamio para distra\u00eddos\u201d (2001), \u201cEl dibujante callejero\u201d (2002), \u201cDo\u00f1a Ilusi\u00f3n\u201d (2003), \u201cPoes\u00eda reunida\u201d (2004), \u201cLa rebeli\u00f3n demorada\u201d (2005) y \u201cLos a\u00f1os en el viento\u201d (2008). En el a\u00f1o 2007 le fue concedido el Premio Nacional de Literatura, por su obra \u201cEspanta diablos\u201d.\r\n\r\nfuente: mca","protected":false},"excerpt":{"rendered":"<p>Tradici\u00f3n y Renovaci\u00f3n. &nbsp; El Taller de Poes\u00eda que dirige el poeta Jacobo Rauskin, proseguir\u00e1 este jueves 07 de Agosto a las 19 hs., en la Biblioteca P\u00fablica Municipal \u201cAugusto Roa Bastos\u201d del Centro Cultural de la Ciudad, Manzana de la Rivera (Ayolas N\u00ba 129 e\/ Benjam\u00edn Constant y El Paraguayo Independiente). Este a\u00f1o el<\/p>\n<div class=\"read-more\"><a href=\"http:\/\/www.cid.com.py\/v1\/363\" title=\"Read More\">Read More<\/a><\/div>\n","protected":false},"author":5,"featured_media":364,"comment_status":"open","ping_status":"open","sticky":false,"template":"","format":"standard","meta":{"footnotes":""},"categories":[12],"tags":[275,274,70,119,273,276],"class_list":{"0":"post-363","1":"post","2":"type-post","3":"status-publish","4":"format-standard","5":"has-post-thumbnail","7":"category-arte-y-espectaculos","8":"tag-augusto-roa-bastos","9":"tag-biblioteca","10":"tag-libro","11":"tag-mca","12":"tag-poesia","13":"tag-taller-literario"},"_links":{"self":[{"href":"http:\/\/www.cid.com.py\/v1\/wp-json\/wp\/v2\/posts\/363"}],"collection":[{"href":"http:\/\/www.cid.com.py\/v1\/wp-json\/wp\/v2\/posts"}],"about":[{"href":"http:\/\/www.cid.com.py\/v1\/wp-json\/wp\/v2\/types\/post"}],"author":[{"embeddable":true,"href":"http:\/\/www.cid.com.py\/v1\/wp-json\/wp\/v2\/users\/5"}],"replies":[{"embeddable":true,"href":"http:\/\/www.cid.com.py\/v1\/wp-json\/wp\/v2\/comments?post=363"}],"version-history":[{"count":1,"href":"http:\/\/www.cid.com.py\/v1\/wp-json\/wp\/v2\/posts\/363\/revisions"}],"predecessor-version":[{"id":365,"href":"http:\/\/www.cid.com.py\/v1\/wp-json\/wp\/v2\/posts\/363\/revisions\/365"}],"wp:featuredmedia":[{"embeddable":true,"href":"http:\/\/www.cid.com.py\/v1\/wp-json\/wp\/v2\/media\/364"}],"wp:attachment":[{"href":"http:\/\/www.cid.com.py\/v1\/wp-json\/wp\/v2\/media?parent=363"}],"wp:term":[{"taxonomy":"category","embeddable":true,"href":"http:\/\/www.cid.com.py\/v1\/wp-json\/wp\/v2\/categories?post=363"},{"taxonomy":"post_tag","embeddable":true,"href":"http:\/\/www.cid.com.py\/v1\/wp-json\/wp\/v2\/tags?post=363"}],"curies":[{"name":"wp","href":"https:\/\/api.w.org\/{rel}","templated":true}]}}