{"id":366,"date":"2014-08-08T04:29:53","date_gmt":"2014-08-08T04:29:53","guid":{"rendered":"http:\/\/www.cid.com.py\/v1\/?p=366"},"modified":"2014-08-08T02:50:52","modified_gmt":"2014-08-08T02:50:52","slug":"fundacion-de-asuncion","status":"publish","type":"post","link":"http:\/\/www.cid.com.py\/v1\/366","title":{"rendered":"Fundaci\u00f3n de Asunci\u00f3n"},"content":{"rendered":"<strong>Agenda por el 477\u00b0 aniversario.<\/strong>\r\n\r\n<a href=\"http:\/\/www.cid.com.py\/v1\/wp-content\/uploads\/2014\/08\/agenda.jpg\"><img loading=\"lazy\" decoding=\"async\" class=\"alignleft size-medium wp-image-367\" src=\"http:\/\/www.cid.com.py\/v1\/wp-content\/uploads\/2014\/08\/agenda-300x230.jpg\" alt=\"agenda\" width=\"300\" height=\"230\" \/><\/a>\r\n\r\nLa presentaci\u00f3n del Calendario Oficial de las Actividades Culturales, Tradicionales, Educativas, Recreativas y Deportivas, en el marco del 477\u00ba Aniversario de la Fundaci\u00f3n de Asunci\u00f3n, se realiz\u00f3 en el Caf\u00e9 del Teatro Municipal, con la presencia del intendente capitalino Arnaldo Samaniego.\r\n\r\nDel acto tambi\u00e9n participaron la Directora General de Cultura y Turismo de la Municipalidad de Asunci\u00f3n, Angie Duarte; el Director de la Orquesta Sinf\u00f3nica de la Ciudad de Asunci\u00f3n (OSCA) Luis Szar\u00e1n; el Director del Ballet Cl\u00e1sico y Moderno Municipal, Miguel Bonnin; el Director de Acci\u00f3n Cultural, Hugo Gonz\u00e1lez; la Directora del Centro Paraguayo Japon\u00e9s (CPJ) Lic. Nilda Pedrozo; la Directora del Centro Cultural de la Ciudad Manzana de la Rivera Carlos Colombino, Ana Martini; el Presidente del Consejo Asesor del Teatro Municipal, Jos\u00e9 Antonio Fracchia, el Maestro Luis \u00c1lvarez; entre otras autoridades municipales y representantes del \u00e1mbito cultural.\r\n\r\n<strong>Directora General de Cultura destac\u00f3 las variadas opciones<\/strong>\r\n\r\nLa Directora General de Cultura y Turismo de la Municipalidad de Asunci\u00f3n, Angie Duarte, destac\u00f3 que se cuenta con una agenda muy nutrida, en el marco de los festejos por los 477 a\u00f1os de la Fundaci\u00f3n de Asunci\u00f3n.\r\n\r\nAgradeci\u00f3 a Larissa Gim\u00e9nez, de Paraguay TV, porque transmitir\u00e1 varios de los eventos organizados por el cumplea\u00f1os de Asunci\u00f3n.\r\n\r\n\u201cNuestra agenda integra actividades culturales y tur\u00edsticas durante todo el mes de agosto.\r\n\r\nY ya arrancamos los primeros d\u00edas de agosto con este ciclo de actividades.\r\n\r\nIncluye Paseos en Bicicleta, organizadas conjuntamente con otras asociaciones independientes que trabajan por la bicicleta, por su uso como medio alternativo de transporte.\r\n\r\nEn ese sentido, vamos a tener paseos cicl\u00edsticos semanales con la gente de Bicicentro, de Paraguay en Bici Te Ves Mejor, de Bicicletas Verdes y todos los que trabajan conjuntamente para promover el uso de la bicicleta\u201d, se\u00f1al\u00f3.\r\n\r\nDestac\u00f3 que todas estas actividades de festejo, estar\u00e1n dentro del marco de Asu Solidaria.\r\n\r\n\u201cEs muy importante se\u00f1alar que toda esta agenda de festejos, est\u00e1 dentro de la Campa\u00f1a Asu Solidaria, de manera a que la gente pueda hacer llegar sus aportes voluntarios consistentes en alimentos no perecederos, abrigos, medicamentos, todo lo que quieran donar estamos recibiendo en el Teatro Municipal, en el Centro Paraguayo Japon\u00e9s, en la Manzana de la Rivera y en todos los lugares donde estamos haciendo este tipo de eventos\u201d, destac\u00f3.\r\n\r\nEntre las actividades a desarrollarse destac\u00f3 que se extender\u00e1n hasta el 31 de agosto, siendo las m\u00e1s importantes las que se desarrollar\u00e1n el 14 y 15 de agosto.\r\n\r\n\u201cLas actividades del d\u00eda 15 de agosto arrancan bien tempranito, a las 6 de la ma\u00f1ana tenemos una celebraci\u00f3n eucar\u00edstica en conmemoraci\u00f3n a los 477 a\u00f1os de la Fundaci\u00f3n de Asunci\u00f3n y para venerar a la Virgen Nuestra Se\u00f1ora de la Asunci\u00f3n.\r\n\r\nQuiero agradecer en ese sentido todo el apoyo que recibimos del Arzobispado de Asunci\u00f3n.\r\n\r\nA las 9 horas tenemos, en paralelo, el Torneo de Ajedrez Nuestra Se\u00f1ora de la Asunci\u00f3n en la Plaza del Oratorio de la Virgen y Pante\u00f3n Nacional de los H\u00e9roes, organizado conjuntamente con la Federaci\u00f3n de Ajedrez y la Direcci\u00f3n de Juventud y Deportes, dirigida por el compa\u00f1ero Daniel Acosta.\r\n\r\nTambi\u00e9n a las 9 de la ma\u00f1ana arranca la Tradicional Jineteada, que estamos organizando conjuntamente con la Asociaci\u00f3n de Jinetes del Paraguay y el Arzobispado de Asunci\u00f3n, con el apoyo de la Asociaci\u00f3n Rural del Paraguay.\r\n\r\nA las 09:15 de la ma\u00f1ana salen los jinetes desde la Catedral Metropolitana rumbo al Seminario Metropolitano.\r\n\r\nVan a estar yendo por Mariscal L\u00f3pez hasta Kubitschek y Azara.\r\n\r\nY al terminar la jineteada se da inicio a la Fiesta Patronalh\u00e1pe Paragua\u00fdpe, habilitada hasta las 20:00 hs.\r\n\r\nVan a tener entradas populares, organizado conjuntamente con la Asociaci\u00f3n de Jinetes.\r\n\r\nEs la sexta edici\u00f3n de la Fiesta Patronalh\u00e1pe y de la Jineteada, que as\u00ed como todas las ciudades, la Madre de Ciudades tambi\u00e9n homenajea a la Virgen de la Asunci\u00f3n.\r\n\r\nY muchas actividades m\u00e1s ese d\u00eda que culminan con el Gran Festival de Asunci\u00f3n, en la explanada de la Catedral Metropolitana, a partir de las 19:00 hs.\u201d, manifest\u00f3.\r\n\r\n<strong>Maestro Luis Szar\u00e1n destac\u00f3 las actividades de la OSCA<\/strong>\r\n\r\nEl Director de la OSCA, Luis Szar\u00e1n, destac\u00f3 que por primera vez se est\u00e1 encarando el concepto de cultura en su dimensi\u00f3n no solamente relacionando con el espect\u00e1culo, sino cultura en su sentido antropol\u00f3gico.\r\n\r\n\u201cQue implica modos, usos, costumbres, gastronom\u00eda, la religiosidad, sano esparcimiento, la econom\u00eda y dentro de eso otra vez todas las formas de expresi\u00f3n que son las artes.\r\n\r\nY dentro de las artes, tambi\u00e9n la gran apertura de incluir a todas las expresiones, las eruditas, las populares.\r\n\r\nEn nuestro caso, esta noche tenemos un concierto de artistas internacionales, como todos los primeros jueves del a\u00f1o, con m\u00fasicos de Estados Unidos, con dos obras claves en la historia de la m\u00fasica cl\u00e1sica, el Triple Concierto de Beethoven y la Sinfon\u00eda N\u00ba 2 de Sibelius.\r\n\r\nY el jueves 13 de agosto completamos el Ciclo de Conciertos en las Iglesias, en la Iglesia de la Encarnaci\u00f3n, en un proyecto que relaciona el Turismo con la Cultura, potenciando estas iglesias en su valor arquitect\u00f3nico, las obras de arte que encierran y dentro de ello ofreciendo un concierto.\r\n\r\nEstamos recorriendo las principales iglesias de Asunci\u00f3n los segundos mi\u00e9rcoles de cada mes.\r\n\r\nY es de acceso gratuito\u201d, anunci\u00f3.\r\n\r\n<strong>Directora de la Escuela de Danzas del IMA destac\u00f3 el festival<\/strong>\r\n\r\nLa Directora de la Escuela de Danzas del Instituto Municipal de Artes (IMA) Magdalena Duarte, brind\u00f3 detalles sobre el programa de la conmemoraci\u00f3n del 50\u00ba Aniversario de la Creaci\u00f3n de la Escuela a su cargo, tambi\u00e9n en el marco de los festejos por el cumplea\u00f1os de Asunci\u00f3n.\r\n\r\n\u201cRealmente esta es la Segunda Gala.\r\n\r\nLa primera hicimos en el mes de junio, conmemorando los 50 a\u00f1os de fundaci\u00f3n de la Escuela Municipal de Danzas.\r\n\r\nEsta es la segunda y en este caso forma parte del marco de festejos de la Fundaci\u00f3n de Asunci\u00f3n.\r\n\r\nLa Gala de Danza Contempor\u00e1nea, que presentaremos el martes 12, a las 19:30, en el Teatro Municipal, es un Cuento, est\u00e1 basada en la pel\u00edcula y en el Cuento llamado El Mago de Oz.\r\n\r\nDe manera a que entonces invitamos a todos a que vengan a ver a nuestras chicas y muchachos en esta oportunidad, haciendo Danza Contempor\u00e1nea con el Mago de Oz.\r\n\r\nY a fin de a\u00f1o estar\u00edamos cumpliendo con las galas del Ballet Cl\u00e1sico tambi\u00e9n\u201d, mencion\u00f3.\r\n\r\nDirectora del Centro Cultural de la Ciudad Carlos Colombino Manzana de la Rivera destac\u00f3 las actividades que se realizar\u00e1n en ese espacio\r\n\r\nAna Martini, Directora del Centro Cultural de la Ciudad Carlos Colombino Manzana de la Rivera, anunci\u00f3 que la Virgen de la Asunci\u00f3n est\u00e1 en el Museo Memoria de la Ciudad.\r\n\r\n\u201cEntonces valdr\u00eda la pena darle un saludo a nuestra madre en este mes aniversario.\r\n\r\nTambi\u00e9n empezamos con una exposici\u00f3n de fotograf\u00edas que todos y todas pueden disfrutar, porque trata justamente de im\u00e1genes de Asunci\u00f3n, que est\u00e1 patrocinado e instalado por el Instituto de la Imagen.\r\n\r\nY me gustar\u00eda tambi\u00e9n invitarles para el jueves 14, a las 19:30, la Inauguraci\u00f3n de la Exposici\u00f3n de Fotograf\u00edas y Objetos de los artistas Zulema Malky y Fernando Valdovinos como parte del Proyecto \u201cEspacios Emergentes\u201d.\r\n\r\nEn el Centro Cultural tenemos varios espacios de Exposici\u00f3n, uno de ellos para artistas consagrados como es el de esta noche.\r\n\r\nY estos espacios, que se llaman espacios emergentes, son para dar oportunidad a los j\u00f3venes que est\u00e1n presentando, que se est\u00e1n iniciando pero que justamente quieren tener la retroalimentaci\u00f3n de todos los que disfrutan del arte, como para poder avanzar.\r\n\r\nY tambi\u00e9n nosotros realmente darles el apoyo a quienes est\u00e1n empezando a desarrollar una carrera art\u00edstica.\r\n\r\nEso tenemos el 14.\r\n\r\nTambi\u00e9n el 18 tenemos un festival art\u00edstico a beneficio de los compa\u00f1eros periodistas F\u00e9lix Ch\u00e1vez y Dolly B\u00e1ez.\r\n\r\nDe hecho la Manzana est\u00e1 abierta todos los d\u00edas, tambi\u00e9n la Biblioteca, tambi\u00e9n el Museo y como espacio mismo, arquitect\u00f3nico e hist\u00f3rico, vale la pena recorrerla\u201d, inst\u00f3.\r\n\r\n&nbsp;\r\n\r\nDirector del Ballet Cl\u00e1sico y Moderno Municipal enumer\u00f3 las presentaciones que realizar\u00e1n\r\n\r\nMiguel Bonnin, Director del Ballet Cl\u00e1sico y Moderno Municipal de la Ciudad de Asunci\u00f3n, mencion\u00f3 que la compa\u00f1\u00eda que dirige es \u00fanica en el mundo porque le hace bailar a los santos.\r\n\r\n\u201cY yo al menos no tengo noticias que en otras compa\u00f1\u00edas se hayan hecho historias de santos.\r\n\r\nHemos hecho ballets con ejercicios espirituales basados en los ejercicios de San Ignacio.\r\n\r\nHemos hecho Francesco.\r\n\r\nEl a\u00f1o pasado fue el estreno mundial de Roque Marangatu.\r\n\r\nY para el 2015 planeamos las moradas de Teresa, sobre la vida de Santa Teresa.\r\n\r\nEn esta ocasi\u00f3n vamos a volver a presentar Roque Marangatu, que es un ballet que tuvo mucho \u00e9xito, sobre la vida de un santo asunceno que muchas veces no lo conocemos, no conocemos la historia de \u00e9l.\r\n\r\nLas funciones van a ser el 14, que va a ser una funci\u00f3n de gala.\r\n\r\nEl d\u00eda 15 haremos una funci\u00f3n para Aseguradora Tajy.\r\n\r\nEl 16 una funci\u00f3n especial para los ni\u00f1os a las 17:00 hs., gratuita, con entrada consistente en elementos no perecederos.\r\n\r\nY ese d\u00eda tambi\u00e9n van a actuar en la previa los ni\u00f1os del Ba\u00f1ado Tacumb\u00fa, danzando piezas de danza cl\u00e1sica y folkl\u00f3rica, donde el Ballet Municipal lleva un proyecto conjuntamente con la Municipalidad y Petrobras, para ense\u00f1ar a los ni\u00f1os en el Ba\u00f1ado.\r\n\r\nA pesar de la inundaci\u00f3n estamos trabajando en los refugios y las clases no se han detenido, cosa que realmente nos pone muy contentos poder llevar esa alegr\u00eda a los chicos, traerles hasta aqu\u00ed, a mostrar lo que han aprendido en este tiempo.\r\n\r\nEl d\u00eda 17 tendremos una funci\u00f3n, a p\u00fablico abierto, a las 17:00 hs. y el precio de las entradas ser\u00e1 de 25.000 guaran\u00edes\u201d, detall\u00f3.\r\n\r\nCabe destacar que la coreograf\u00eda de Roque Marangat\u00fa es de Miguel Bonnin y la m\u00fasica de la obra es de Rolando Chaparro, quien estar\u00e1 tocando en vivo en las funciones.\r\n\r\n<strong>Maestro Luis \u00c1lvarez destac\u00f3 el Gran Festival de Asunci\u00f3n<\/strong>\r\n\r\nEl Maestro Luis \u00c1lvarez dio detalles sobre la primera edici\u00f3n del Gran Festival de Asunci\u00f3n, que va a tener lugar el d\u00eda 15 de agosto, frente a la Catedral Metropolitana.\r\n\r\n\u201cEl Primer Festival de Asunci\u00f3n es un proyecto que ven\u00edamos hablando justamente con Ricardo Flecha, de la importancia de tener un festival.\r\n\r\nCreo que hay entre 80 a 90 festivales en todo el pa\u00eds, o sea que cada lugar tiene su festival y Asunci\u00f3n no tiene.\r\n\r\nEntonces hablamos de esa importancia de que esto sea una realidad y es una realidad el 15 de Agosto.\r\n\r\nEstamos partiendo con el Volumen I del Festival de Asunci\u00f3n.\r\n\r\nTrat\u00e9 de juntar la mayor cantidad de int\u00e9rpretes posibles, como el caso de los Fuelles del Paraguay, que son cinco instrumentistas, tres bandoneones y dos fuelles tocando juntos, que ustedes no se imaginan lo que suenan.\r\n\r\nHace rato que no veo tanto entusiasmo en los m\u00fasicos de querer estar en este festival, estamos ensayando.\r\n\r\nY realmente estoy pleno, emocionado por este festival que se va a realizar en la explanada de la Catedral, a las 19:00 hs.\r\n\r\nTendremos el mejor sonido y luces para este espect\u00e1culo.\r\n\r\nY la entrada, como siempre, es gratuita solamente que se pide llevar donaciones para los damnificados.\r\n\r\nLos maestros de ceremonia ser\u00e1n Rub\u00e9n Rodr\u00edguez y Bel\u00e9n L\u00f3pez.\r\n\r\nY est\u00e1 todo dicho para que sea una noche magn\u00edfica el Primer Festival de Asunci\u00f3n\u201d, sostuvo.\r\n\r\nJuan Carlos Amoroso anunci\u00f3 que el domingo 17 de agosto ser\u00e1 el Gran Festiva del D\u00eda del Ni\u00f1o\r\n\r\nEl Festival Nacional del D\u00eda del Ni\u00f1o se realizar\u00e1 el domingo 17 de agosto, a partir de las 10:00, en el Parque Carlos Antonio L\u00f3pez.\r\n\r\n\u201cEs un honor para nosotros formar parte de estas fiestas del 477\u00ba Aniversario, una recordaci\u00f3n de la Fundaci\u00f3n de Asunci\u00f3n, con el Festival Nacional D\u00eda del Ni\u00f1o solidario.\r\n\r\nLe hemos agregado porque el Festival Nacional D\u00eda del Ni\u00f1o que se inici\u00f3 en 1991, lleva 23 a\u00f1os, siempre ha sido con entrada gratis.\r\n\r\nPero esta vez a todo el p\u00fablico presente le vamos a pedir su coraz\u00f3n, su ayuda solidaria, para sus hermanos damnificados por las inundaciones, para que todos lleven un alimento no perecedero.\r\n\r\nVa a ser el domingo 17, desde las 10:00 de la ma\u00f1ana hasta las 04:00 de la tarde.\r\n\r\nTenemos m\u00e1s de 30 artistas nacionales e internacionales.\r\n\r\nAgradezco a algunos artistas que me han acompa\u00f1ado, representantes del Circo Krones del Brasil que est\u00e1n con nosotros.\r\n\r\nUna gran cantidad de conductores, Chiche Corte, Rub\u00e9n Rodr\u00edguez Junior, Pedro Guggiari, Paola Hermann, Norita Rodr\u00edguez, una cantidad de presentadores, artistas.\r\n\r\nTodos los artistas municipales juveniles de las orquestas, de teatro.\r\n\r\nY fundamentalmente nuestra gente, nuestro p\u00fablico.\r\n\r\nAgradecemos a la televisi\u00f3n nacional, a la Sra. Larissa Gim\u00e9nez, directora de Paraguay TV, que va a hacer la transmisi\u00f3n en vivo, que ser\u00e1 tomada por UNICANAL, a partir de las 14:00 hs., vamos a salir por dos canales.\r\n\r\nA las 14:00 hs., como todos los a\u00f1os, vamos a hacer el homenaje de recordaci\u00f3n a los ni\u00f1os m\u00e1rtires de Acosta \u00d1u, con un gran desfile c\u00edvico militar, agradeciendo a los comandantes de las Fuerzas Militares\u201d, especific\u00f3.\r\n\r\n<strong>Directora del Centro Paraguayo Japon\u00e9s (CPJ) destac\u00f3 las actividades que realizar\u00e1n<\/strong>\r\n\r\nNilda Pedrozo, Directora del CPJ, manifest\u00f3 que sobre todo el mes de agosto para el Centro Paraguayo Japon\u00e9s para el desarrollo de Recursos Humanos es muy especial.\r\n\r\n\u201cPorque es el mes donde nosotros celebramos la inauguraci\u00f3n del CPJ.\r\n\r\nEste a\u00f1o el 26\u00ba Aniversario de la inauguraci\u00f3n del Centro Paraguayo Japon\u00e9s.\r\n\r\nEn ese sentido, tenemos una nutrida agenda y sobre todo celebramos el cumplea\u00f1os de la Madre de Ciudades.\r\n\r\nActualmente tenemos el Tercer Congreso Nacional de Audiovisual, Tesape, que se est\u00e1 desarrollando a partir de las 10:00 de la ma\u00f1ana hasta las 12:00 aproximadamente de la noche, con diferentes tipos de actividades.\r\n\r\nTalleres, demostraciones sobre cortometrajes, cine, participaci\u00f3n de artistas nacionales, internacionales, conferencias de la DINACOPA.\r\n\r\nEst\u00e1 viniendo un experto del BID justamente sobre la Econom\u00eda Naranja, en base a una invitaci\u00f3n de la Municipalidad de Asunci\u00f3n, con el apoyo de la DINACOPA.\r\n\r\nPara nosotros es muy importante este espacio porque podemos reunir a mucha gente del arte, que trabaja en audiovisual y que es un espacio ahora muy importante que estamos desarrollando.\r\n\r\nContinuando con las actividades, la semana siguiente estamos teniendo dos actividades muy importantes.\r\n\r\nUna de ellas, en base a la pol\u00edtica social de la Administraci\u00f3n del Se\u00f1or Intendente, un espacio que creamos para un sector muy importante que son los adultos mayores.\r\n\r\nDesde el 11 estamos iniciando nuevamente los cursos de los abuelitos inform\u00e1ticos, con m\u00e1s de 300 inscriptos y 8 cursos habilitamos el d\u00eda 11.\r\n\r\nEn ese mismo sentido, el d\u00eda 14 de agosto, celebramos el D\u00eda del Ni\u00f1o con los ni\u00f1os, alumnos del Centro Paraguayo Japon\u00e9s, donde ellos van a brindar el arte que ellos est\u00e1n aprendiendo en nuestras instalaciones.\r\n\r\nLes invitamos a todos para que vayan a disfrutar.\r\n\r\nTodos los ni\u00f1os del Centro Paraguayo Japon\u00e9s estar\u00e1n celebrando su d\u00eda demostrando lo que ellos van aprendiendo y las capacidades y actitudes que van desarrollando en nuestra instituci\u00f3n.\r\n\r\nEl 12 de agosto tambi\u00e9n tenemos una exposici\u00f3n de arte.\r\n\r\nY as\u00ed sucesivamente much\u00edsimas actividades que van a encontrar tambi\u00e9n en este folleto y tambi\u00e9n a las redes sociales.\r\n\r\nLes invitamos a que participen.\r\n\r\nEl Centro Paraguayo Japon\u00e9s es de todos ustedes, de los asuncenos, entonces hay que aprovecharlo.\r\n\r\nLa mayor\u00eda de las actividades son gratuitas.\r\n\r\nY el 23 de agosto, que es nuestro aniversario, vamos a tener tambi\u00e9n grandes eventos y les esperamos\u201d, concluy\u00f3.\r\n\r\n<strong>Director de Acci\u00f3n Cultural destac\u00f3 las actividades que se realizar\u00e1n en la Plaza Uruguaya<\/strong>\r\n\r\nHugo Gonz\u00e1lez, Director de Acci\u00f3n Cultural de la Municipalidad de Asunci\u00f3n, anunci\u00f3 que habr\u00e1 varias actividades culturales en la emblem\u00e1tica Plaza Uruguaya.\r\n\r\n\u201cEventos como Asu Yoga, que son ejercicios al aire libre y clases de yoga totalmente gratuitas para la ciudadan\u00eda, a cargo de la profesora Paola Santarelli, el profesor Rodrigo Ayala y la profesora Mar\u00eda Fern\u00e1ndez.\r\n\r\nEstas clases se brindar\u00e1n todos los s\u00e1bados de 10:00 a 12:00 hs.\r\n\r\nTambi\u00e9n tenemos el evento denominado Agro Plaza, que es una exposici\u00f3n y venta de productores del Mercado Central de Abasto, a cargo del Sr. \u00d3scar Gin\u00e9s, los d\u00edas jueves, viernes y s\u00e1bado a partir de las 7 de la ma\u00f1ana hasta las 16 horas.\r\n\r\nY nuestro Tembi\u2019u Paraguay, donde se exponen 40 comidas t\u00edpicas y tradicionales, los d\u00edas jueves, viernes y s\u00e1bados, a partir de las 6 de la ma\u00f1ana hasta las 18 horas\u201d, enumer\u00f3.\r\n\r\n&nbsp;\r\n\r\n<strong><em>Intendente Municipal de Asunci\u00f3n<\/em> invit\u00f3 a toda la ciudadan\u00eda a participar de los eventos<\/strong>\r\n\r\nEl Intendente Capitalino Arnaldo Samaniego destac\u00f3 la nutrida agenda art\u00edstica, deportiva y cultural que se va a realizar en conmemoraci\u00f3n al aniversario de nuestra querida ciudad capital.\r\n\r\n\u201cLo que menos se va a poder decir es que no hay nada para hacer en Asunci\u00f3n.\r\n\r\nAs\u00ed con alegr\u00eda nosotros queremos festejar el cumplea\u00f1os de la Madre de Ciudades, de la Capital de la Rep\u00fablica del Paraguay.\r\n\r\nSabemos que tenemos aproximadamente 18.000 familias de conciudadanos, de compatriotas que est\u00e1n atravesando por momentos muy dif\u00edciles, a ra\u00edz de las inundaciones.\r\n\r\nY estas familias damnificadas tambi\u00e9n, obviamente, est\u00e1n teniendo la atenci\u00f3n por parte de la Municipalidad de Asunci\u00f3n.\r\n\r\nDesde el mes de abril que estamos asistiendo.\r\n\r\nY todas las actividades que se generan desde la Direcci\u00f3n de Cultura o de otras direcciones de la Municipalidad de Asunci\u00f3n, van en una l\u00ednea solidaria para con estos compatriotas\u201d, concluy\u00f3.\r\n\r\nfuente: mca","protected":false},"excerpt":{"rendered":"<p>Agenda por el 477\u00b0 aniversario. La presentaci\u00f3n del Calendario Oficial de las Actividades Culturales, Tradicionales, Educativas, Recreativas y Deportivas, en el marco del 477\u00ba Aniversario de la Fundaci\u00f3n de Asunci\u00f3n, se realiz\u00f3 en el Caf\u00e9 del Teatro Municipal, con la presencia del intendente capitalino Arnaldo Samaniego. Del acto tambi\u00e9n participaron la Directora General de Cultura<\/p>\n<div class=\"read-more\"><a href=\"http:\/\/www.cid.com.py\/v1\/366\" title=\"Read More\">Read More<\/a><\/div>\n","protected":false},"author":5,"featured_media":0,"comment_status":"open","ping_status":"open","sticky":false,"template":"","format":"standard","meta":{"footnotes":""},"categories":[12],"tags":[278,279,244,280,119,277,120],"class_list":{"0":"post-366","1":"post","2":"type-post","3":"status-publish","4":"format-standard","6":"category-arte-y-espectaculos","7":"tag-278","8":"tag-agenda","9":"tag-aniversario","10":"tag-festejos","11":"tag-mca","12":"tag-municipalidad","13":"tag-municipalidad-de-asuncion"},"_links":{"self":[{"href":"http:\/\/www.cid.com.py\/v1\/wp-json\/wp\/v2\/posts\/366"}],"collection":[{"href":"http:\/\/www.cid.com.py\/v1\/wp-json\/wp\/v2\/posts"}],"about":[{"href":"http:\/\/www.cid.com.py\/v1\/wp-json\/wp\/v2\/types\/post"}],"author":[{"embeddable":true,"href":"http:\/\/www.cid.com.py\/v1\/wp-json\/wp\/v2\/users\/5"}],"replies":[{"embeddable":true,"href":"http:\/\/www.cid.com.py\/v1\/wp-json\/wp\/v2\/comments?post=366"}],"version-history":[{"count":3,"href":"http:\/\/www.cid.com.py\/v1\/wp-json\/wp\/v2\/posts\/366\/revisions"}],"predecessor-version":[{"id":370,"href":"http:\/\/www.cid.com.py\/v1\/wp-json\/wp\/v2\/posts\/366\/revisions\/370"}],"wp:attachment":[{"href":"http:\/\/www.cid.com.py\/v1\/wp-json\/wp\/v2\/media?parent=366"}],"wp:term":[{"taxonomy":"category","embeddable":true,"href":"http:\/\/www.cid.com.py\/v1\/wp-json\/wp\/v2\/categories?post=366"},{"taxonomy":"post_tag","embeddable":true,"href":"http:\/\/www.cid.com.py\/v1\/wp-json\/wp\/v2\/tags?post=366"}],"curies":[{"name":"wp","href":"https:\/\/api.w.org\/{rel}","templated":true}]}}