{"id":3762,"date":"2023-10-27T13:20:34","date_gmt":"2023-10-27T13:20:34","guid":{"rendered":"http:\/\/www.cid.com.py\/v1\/?p=3762"},"modified":"2023-10-27T13:20:34","modified_gmt":"2023-10-27T13:20:34","slug":"patrimonio-audiovisual","status":"publish","type":"post","link":"http:\/\/www.cid.com.py\/v1\/3762","title":{"rendered":"Patrimonio Audiovisual"},"content":{"rendered":"<p style=\"text-align: left;\"><span style=\"color: #000000;\">D\u00eda Mundial.\u00a0<\/span><\/p>\r\n<p style=\"text-align: left;\"><span style=\"color: #000000;\"><img loading=\"lazy\" decoding=\"async\" class=\"size-thumbnail wp-image-3763 alignleft\" src=\"http:\/\/www.cid.com.py\/v1\/wp-content\/uploads\/2023\/10\/Captura-de-pantalla-2023-10-27-a-las-10.00.12-150x150.png\" alt=\"Captura de pantalla 2023-10-27 a las 10.00.12\" width=\"150\" height=\"150\" \/><\/span><\/p>\r\n<p style=\"text-align: left;\"><span style=\"color: #000000;\">El Instituto Nacional del Audiovisual Paraguayo (INAP) en conjunto con Fundaci\u00f3n Cinemateca, Ara Films Producciones y el Ateneo de Lengua y Cultura Guaran\u00ed, presentan 1 spot que es parte de una campa\u00f1a regional promovida por la RECAM en conmemoraci\u00f3n al D\u00eda Mundial del Patrimonio Audiovisual.\u00a0<\/span><\/p>\r\n<p style=\"text-align: left;\"><span style=\"color: #000000;\">El objetivo es la valoraci\u00f3n de los productos audiovisuales a fin de preservar la memoria, la cultura y la identidad de nuestros pa\u00edses.<\/span><\/p>\r\n<p style=\"text-align: left;\"><span style=\"color: #000000;\">Las im\u00e1genes audiovisuales nos identifican, son nuestra memoria y la memoria de nuestro pa\u00eds.<\/span><\/p>\r\n<p style=\"text-align: left;\"><span style=\"color: #000000;\">\u00a1Preservemos nuestras im\u00e1genes audiovisuales!<\/span><\/p>\r\n<p style=\"text-align: left;\"><span style=\"color: #000000;\"> Conoc\u00e9 m\u00e1s: https:\/\/bit.ly\/3tOOP4Q\u00a0<\/span><\/p>\r\n<p style=\"text-align: left;\"><span style=\"color: #000000;\">Fuente:\u00a0Fundaci\u00f3n Cinemateca\u00a0<\/span><\/p>","protected":false},"excerpt":{"rendered":"<p>D\u00eda Mundial.\u00a0 El Instituto Nacional del Audiovisual Paraguayo (INAP) en conjunto con Fundaci\u00f3n Cinemateca, Ara Films Producciones y el Ateneo de Lengua y Cultura Guaran\u00ed, presentan 1 spot que es parte de una campa\u00f1a regional promovida por la RECAM en conmemoraci\u00f3n al D\u00eda Mundial del Patrimonio Audiovisual.\u00a0 El objetivo es la valoraci\u00f3n de los productos<\/p>\n<div class=\"read-more\"><a href=\"http:\/\/www.cid.com.py\/v1\/3762\" title=\"Read More\">Read More<\/a><\/div>\n","protected":false},"author":5,"featured_media":3763,"comment_status":"closed","ping_status":"closed","sticky":false,"template":"","format":"standard","meta":{"footnotes":""},"categories":[12],"tags":[],"class_list":{"0":"post-3762","1":"post","2":"type-post","3":"status-publish","4":"format-standard","5":"has-post-thumbnail","7":"category-arte-y-espectaculos"},"_links":{"self":[{"href":"http:\/\/www.cid.com.py\/v1\/wp-json\/wp\/v2\/posts\/3762"}],"collection":[{"href":"http:\/\/www.cid.com.py\/v1\/wp-json\/wp\/v2\/posts"}],"about":[{"href":"http:\/\/www.cid.com.py\/v1\/wp-json\/wp\/v2\/types\/post"}],"author":[{"embeddable":true,"href":"http:\/\/www.cid.com.py\/v1\/wp-json\/wp\/v2\/users\/5"}],"replies":[{"embeddable":true,"href":"http:\/\/www.cid.com.py\/v1\/wp-json\/wp\/v2\/comments?post=3762"}],"version-history":[{"count":5,"href":"http:\/\/www.cid.com.py\/v1\/wp-json\/wp\/v2\/posts\/3762\/revisions"}],"predecessor-version":[{"id":3768,"href":"http:\/\/www.cid.com.py\/v1\/wp-json\/wp\/v2\/posts\/3762\/revisions\/3768"}],"wp:featuredmedia":[{"embeddable":true,"href":"http:\/\/www.cid.com.py\/v1\/wp-json\/wp\/v2\/media\/3763"}],"wp:attachment":[{"href":"http:\/\/www.cid.com.py\/v1\/wp-json\/wp\/v2\/media?parent=3762"}],"wp:term":[{"taxonomy":"category","embeddable":true,"href":"http:\/\/www.cid.com.py\/v1\/wp-json\/wp\/v2\/categories?post=3762"},{"taxonomy":"post_tag","embeddable":true,"href":"http:\/\/www.cid.com.py\/v1\/wp-json\/wp\/v2\/tags?post=3762"}],"curies":[{"name":"wp","href":"https:\/\/api.w.org\/{rel}","templated":true}]}}