{"id":387,"date":"2014-08-09T23:05:05","date_gmt":"2014-08-09T23:05:05","guid":{"rendered":"http:\/\/www.cid.com.py\/v1\/?p=387"},"modified":"2014-08-09T23:05:05","modified_gmt":"2014-08-09T23:05:05","slug":"fiesta-patronal-serenata","status":"publish","type":"post","link":"http:\/\/www.cid.com.py\/v1\/387","title":{"rendered":"Fiesta patronal, serenata"},"content":{"rendered":"<strong>San Lorenzo del Campo Grande.<\/strong>\r\n\r\n<a href=\"http:\/\/www.cid.com.py\/v1\/wp-content\/uploads\/2014\/08\/salpy.jpg\"><img loading=\"lazy\" decoding=\"async\" class=\"alignleft size-medium wp-image-388\" src=\"http:\/\/www.cid.com.py\/v1\/wp-content\/uploads\/2014\/08\/salpy-300x148.jpg\" alt=\"salpy\" width=\"300\" height=\"148\" srcset=\"http:\/\/www.cid.com.py\/v1\/wp-content\/uploads\/2014\/08\/salpy-300x148.jpg 300w, http:\/\/www.cid.com.py\/v1\/wp-content\/uploads\/2014\/08\/salpy.jpg 1024w\" sizes=\"(max-width: 300px) 100vw, 300px\" \/><\/a>\r\n\r\nEsta noche\u00a0es la tradicional serenata a San Lorenzo que cada a\u00f1o ofrece la intendencia municipal a la comunidad. Varios artistas destacados pasar\u00e1n por el escenario montado a uno de los costados de la Catedral.\r\n\r\nEn ese sentido, el joven artista sanlorenzano Jos\u00e9 Sebasti\u00e1n Ben\u00edtez Mellid, viene ensayando en forma permanente con la Orquesta Sinf\u00f3nica Municipal para dar apertura a la serenata.\r\n<strong>Artistas.<\/strong> Luego de la actuaci\u00f3n de la Orquesta Sinf\u00f3nica Municipal y Sebasti\u00e1n Ben\u00edtez, actuar\u00e1n; Los Ojeda, Grupo Generaci\u00f3n, Juan Cancio Barreto, Quemil Yambay, Odilio Roman, Francisco Russo, N\u00e9stor Damian Girett, Oscar P\u00e9rez y Derlis Gerardo. Luego a las 00:00 hs, habr\u00e1 como tambi\u00e9n ya es tradicional un show de fuegos artificiales.\r\nEl evento tendr\u00e1 la conducci\u00f3n de Ruben Rodr\u00edguez, Oscar Ciro y el Chamo Amalio","protected":false},"excerpt":{"rendered":"<p>San Lorenzo del Campo Grande. Esta noche\u00a0es la tradicional serenata a San Lorenzo que cada a\u00f1o ofrece la intendencia municipal a la comunidad. Varios artistas destacados pasar\u00e1n por el escenario montado a uno de los costados de la Catedral. En ese sentido, el joven artista sanlorenzano Jos\u00e9 Sebasti\u00e1n Ben\u00edtez Mellid, viene ensayando en forma permanente<\/p>\n<div class=\"read-more\"><a href=\"http:\/\/www.cid.com.py\/v1\/387\" title=\"Read More\">Read More<\/a><\/div>\n","protected":false},"author":5,"featured_media":388,"comment_status":"open","ping_status":"open","sticky":false,"template":"","format":"standard","meta":{"footnotes":""},"categories":[12],"tags":[296,261,295,293,294],"class_list":{"0":"post-387","1":"post","2":"type-post","3":"status-publish","4":"format-standard","5":"has-post-thumbnail","7":"category-arte-y-espectaculos","8":"tag-10-de-agosto","9":"tag-festejo","10":"tag-fiesta-patronal","11":"tag-san-lorenzo","12":"tag-san-lorenzo-del-campo-grande"},"_links":{"self":[{"href":"http:\/\/www.cid.com.py\/v1\/wp-json\/wp\/v2\/posts\/387"}],"collection":[{"href":"http:\/\/www.cid.com.py\/v1\/wp-json\/wp\/v2\/posts"}],"about":[{"href":"http:\/\/www.cid.com.py\/v1\/wp-json\/wp\/v2\/types\/post"}],"author":[{"embeddable":true,"href":"http:\/\/www.cid.com.py\/v1\/wp-json\/wp\/v2\/users\/5"}],"replies":[{"embeddable":true,"href":"http:\/\/www.cid.com.py\/v1\/wp-json\/wp\/v2\/comments?post=387"}],"version-history":[{"count":1,"href":"http:\/\/www.cid.com.py\/v1\/wp-json\/wp\/v2\/posts\/387\/revisions"}],"predecessor-version":[{"id":389,"href":"http:\/\/www.cid.com.py\/v1\/wp-json\/wp\/v2\/posts\/387\/revisions\/389"}],"wp:featuredmedia":[{"embeddable":true,"href":"http:\/\/www.cid.com.py\/v1\/wp-json\/wp\/v2\/media\/388"}],"wp:attachment":[{"href":"http:\/\/www.cid.com.py\/v1\/wp-json\/wp\/v2\/media?parent=387"}],"wp:term":[{"taxonomy":"category","embeddable":true,"href":"http:\/\/www.cid.com.py\/v1\/wp-json\/wp\/v2\/categories?post=387"},{"taxonomy":"post_tag","embeddable":true,"href":"http:\/\/www.cid.com.py\/v1\/wp-json\/wp\/v2\/tags?post=387"}],"curies":[{"name":"wp","href":"https:\/\/api.w.org\/{rel}","templated":true}]}}