{"id":390,"date":"2014-08-09T23:22:03","date_gmt":"2014-08-09T23:22:03","guid":{"rendered":"http:\/\/www.cid.com.py\/v1\/?p=390"},"modified":"2014-08-09T23:22:03","modified_gmt":"2014-08-09T23:22:03","slug":"diocesis-de-san-lorenzo","status":"publish","type":"post","link":"http:\/\/www.cid.com.py\/v1\/390","title":{"rendered":"Di\u00f3cesis de San Lorenzo"},"content":{"rendered":"<strong>Hace 14 a\u00f1os se inici\u00f3.<\/strong>\r\n\r\n<a href=\"http:\/\/www.cid.com.py\/v1\/wp-content\/uploads\/2014\/08\/ig-sl.jpg\"><img loading=\"lazy\" decoding=\"async\" class=\"alignleft size-medium wp-image-391\" src=\"http:\/\/www.cid.com.py\/v1\/wp-content\/uploads\/2014\/08\/ig-sl-300x224.jpg\" alt=\"ig-sl\" width=\"300\" height=\"224\" srcset=\"http:\/\/www.cid.com.py\/v1\/wp-content\/uploads\/2014\/08\/ig-sl-300x224.jpg 300w, http:\/\/www.cid.com.py\/v1\/wp-content\/uploads\/2014\/08\/ig-sl.jpg 1024w\" sizes=\"(max-width: 300px) 100vw, 300px\" \/><\/a>\r\n\r\nDebido a la gran extensi\u00f3n del Arzobispado de Asunci\u00f3n, en el a\u00f1o 2000 se cre\u00f3 la nueva Circunscripci\u00f3n Eclesi\u00e1stica denominada Di\u00f3cesis de San Lorenzo, que\u00a0la realiz\u00f3 el sumo Pont\u00edfice, Juan Pablo II, quien decret\u00f3 que su cede est\u00e9 en la ciudad de San Lorenzo del Campo Grande. El Monse\u00f1or Adalberto Mart\u00ednez fue designado primer Obispo cuya toma de posesi\u00f3n fue realizada el 9 de julio del mismo a\u00f1o de creaci\u00f3n.\r\n\r\nMonse\u00f1or Mart\u00ednez fue titular de la di\u00f3cesis hasta el 2007, a\u00f1o en fue nombrado Obispo de la Di\u00f3cesis de San Pedro y a partir de ah\u00ed estuvo a cargo del administrador diocesano Monse\u00f1or Joaqu\u00edn Robledo, hasta el 1 de marzo del 2009, fecha en que Monse\u00f1or Sebelio Peralta asume como nuevo Obispo de la Di\u00f3cesis.\r\n<strong>MONSE\u00d1OR SEBELIO PERALTA<\/strong>\r\nNaci\u00f3 el 19 de setiembre de 1939, en San Salvador. Hijo de Antol\u00edn Peralta y Eustasia \u00c1lvarez.\r\nCurs\u00f3 sus estudios eclesi\u00e1sticos en el Seminario Menor de Villarrica y en el Seminario Mayor de Asunci\u00f3n. Fue ordenado sacerdote en Borja, el 19 de diciembre de 1964. Ocup\u00f3 los siguientes cargos: Vicario parroquial en las parroquias de Carapegu\u00e1 y Ybycu\u00ed, Cura P\u00e1rroco en Caazap\u00e1, Maciel y Sgdo. Coraz\u00f3n de Jes\u00fas de Villarrica.\r\nRealiz\u00f3 estudios de posgrado en la Facultad de Teolog\u00eda de Buenos Aires. Tambi\u00e9n integr\u00f3 el Equipo del Seminario Mayor del Paraguay. Fue ordenado Obispo Auxiliar de Villarrica del Esp\u00edritu Santo el 1 de mayo de 1979.\r\nDirigi\u00f3 la Pastoral Universitaria y la Pastoral Familiar, y public\u00f3 un devocionario para la familia en el que recopil\u00f3 las principales oraciones de nuestro pueblo. Su t\u00edtulo, \u201cNembo\u2019e ryru\u201d, se convirti\u00f3 en un material muy \u00fatil para los cristianos sencillos de nuestro pueblo. Tambi\u00e9n edit\u00f3 tres folletos, material did\u00e1ctico para los encuentros familiares, denominado \u201c\u00d1ande R\u00f3ga\u201d 1, 2 y 3.\r\nEn el orden nacional, ha sido el responsable del Departamento de Catequesis de la CEP y como tal particip\u00f3 en reuniones latinoamericanas y regionales propiciadas por el CELAM.\r\n\r\nEl 16 de julio de 1989, el Colegio de Consultores Diocesanos de Villarrica lo nombr\u00f3 Administrador diocesano. El 22 de abril de 1990, \u201cL\u2019Osservatore Romano\u201d public\u00f3 su nombramiento como Obispo de Villarrica del Esp\u00edritu Santo, en reemplazo de Monse\u00f1or Felipe Santiago Ben\u00edtez. Tom\u00f3 posesi\u00f3n de la sede el 27 de mayo del mismo a\u00f1o, siendo el tercer obispo diocesano.\r\nActualmente es responsable del Equipo Nacional de Diaconado Permanente y miembro de la Comisi\u00f3n Episcopal del Seminario Mayor y de la Comisi\u00f3n Nacional de Liturgia, trabajando espec\u00edficamente en las \u00e1reas de Religiosidad Popular e Inculturaci\u00f3n. Tambi\u00e9n es responsable del equipo de traducci\u00f3n de textos lit\u00fargicos al guaran\u00ed.\r\nEl domingo 1 de marzo del 2010 asumi\u00f3 como nuevo obispo de la Di\u00f3cesis de San Lorenzo tras cumplir una misi\u00f3n pastoral durante 19 a\u00f1os en la ciudad de Villarrica.\r\n\r\nfuente: municipalidad de San Lorenzo","protected":false},"excerpt":{"rendered":"<p>Hace 14 a\u00f1os se inici\u00f3. Debido a la gran extensi\u00f3n del Arzobispado de Asunci\u00f3n, en el a\u00f1o 2000 se cre\u00f3 la nueva Circunscripci\u00f3n Eclesi\u00e1stica denominada Di\u00f3cesis de San Lorenzo, que\u00a0la realiz\u00f3 el sumo Pont\u00edfice, Juan Pablo II, quien decret\u00f3 que su cede est\u00e9 en la ciudad de San Lorenzo del Campo Grande. El Monse\u00f1or Adalberto<\/p>\n<div class=\"read-more\"><a href=\"http:\/\/www.cid.com.py\/v1\/390\" title=\"Read More\">Read More<\/a><\/div>\n","protected":false},"author":5,"featured_media":391,"comment_status":"open","ping_status":"open","sticky":false,"template":"","format":"standard","meta":{"footnotes":""},"categories":[12],"tags":[244,298,261,299,297,293,294],"class_list":{"0":"post-390","1":"post","2":"type-post","3":"status-publish","4":"format-standard","5":"has-post-thumbnail","7":"category-arte-y-espectaculos","8":"tag-aniversario","9":"tag-diocesis","10":"tag-festejo","11":"tag-fundacion","12":"tag-iglesia","13":"tag-san-lorenzo","14":"tag-san-lorenzo-del-campo-grande"},"_links":{"self":[{"href":"http:\/\/www.cid.com.py\/v1\/wp-json\/wp\/v2\/posts\/390"}],"collection":[{"href":"http:\/\/www.cid.com.py\/v1\/wp-json\/wp\/v2\/posts"}],"about":[{"href":"http:\/\/www.cid.com.py\/v1\/wp-json\/wp\/v2\/types\/post"}],"author":[{"embeddable":true,"href":"http:\/\/www.cid.com.py\/v1\/wp-json\/wp\/v2\/users\/5"}],"replies":[{"embeddable":true,"href":"http:\/\/www.cid.com.py\/v1\/wp-json\/wp\/v2\/comments?post=390"}],"version-history":[{"count":1,"href":"http:\/\/www.cid.com.py\/v1\/wp-json\/wp\/v2\/posts\/390\/revisions"}],"predecessor-version":[{"id":392,"href":"http:\/\/www.cid.com.py\/v1\/wp-json\/wp\/v2\/posts\/390\/revisions\/392"}],"wp:featuredmedia":[{"embeddable":true,"href":"http:\/\/www.cid.com.py\/v1\/wp-json\/wp\/v2\/media\/391"}],"wp:attachment":[{"href":"http:\/\/www.cid.com.py\/v1\/wp-json\/wp\/v2\/media?parent=390"}],"wp:term":[{"taxonomy":"category","embeddable":true,"href":"http:\/\/www.cid.com.py\/v1\/wp-json\/wp\/v2\/categories?post=390"},{"taxonomy":"post_tag","embeddable":true,"href":"http:\/\/www.cid.com.py\/v1\/wp-json\/wp\/v2\/tags?post=390"}],"curies":[{"name":"wp","href":"https:\/\/api.w.org\/{rel}","templated":true}]}}