{"id":3932,"date":"2024-11-26T11:04:46","date_gmt":"2024-11-26T11:04:46","guid":{"rendered":"http:\/\/www.cid.com.py\/v1\/?p=3932"},"modified":"2024-11-26T11:04:46","modified_gmt":"2024-11-26T11:04:46","slug":"excelente-produccion-nacional","status":"publish","type":"post","link":"http:\/\/www.cid.com.py\/v1\/3932","title":{"rendered":"Excelente producci\u00f3n nacional"},"content":{"rendered":"<p style=\"text-align: left;\"><span style=\"color: #000000;\"><strong> R\u00e9quiem por un soldado, 2002.<\/strong><\/span><\/p>\r\n<p style=\"text-align: left;\"><span style=\"color: #000000;\"><a style=\"color: #000000;\" href=\"http:\/\/www.cid.com.py\/v1\/wp-content\/uploads\/2024\/11\/WhatsApp-Image-2024-11-25-at-20.31.29.jpeg\"><img loading=\"lazy\" decoding=\"async\" class=\"alignleft size-thumbnail wp-image-3933\" src=\"http:\/\/www.cid.com.py\/v1\/wp-content\/uploads\/2024\/11\/WhatsApp-Image-2024-11-25-at-20.31.29-150x150.jpeg\" alt=\"\" width=\"150\" height=\"150\" \/><\/a><\/span><\/p>\r\n<p style=\"text-align: left;\"><span style=\"color: #000000;\">\u00a0<\/span>\r\n<span style=\"color: #000000;\">Funci\u00f3n Especial con Galia Gim\u00e9nez y Manuel Cuenca. Domingo 01 de Diciembre a las 17:00 horas.\u00a0 <\/span><\/p>\r\n<p style=\"text-align: left;\">\r\n<span style=\"color: #000000;\">\u00a0<\/span>\r\n<span style=\"color: #000000;\">Esta pel\u00edcula se estren\u00f3 en Washington, durante el Festival Latinoamericano de Cine. Exhibida en el Festival de Toulouse, Francia; en Mosc\u00fa, Rusia, en Berl\u00edn, Alemania y en Buenos Aires, Argentina.<\/span><\/p>\r\n<p style=\"text-align: left;\">\r\n<span style=\"color: #000000;\">\u00a0<\/span>\r\n<span style=\"color: #000000;\">Una historia original de Augusto Gim\u00e9nez <\/span>\r\n<span style=\"color: #000000;\">Direcci\u00f3n: Galia Gim\u00e9nez. Producci\u00f3n: Manuel Cuenca<\/span>\r\n<span style=\"color: #000000;\">Direcci\u00f3n de fotograf\u00eda y c\u00e1mara: Vicente Caballero. Direcci\u00f3n de Arte: Any Ughelli.<\/span><\/p>\r\n<p style=\"text-align: left;\">\r\n<span style=\"color: #000000;\">\u00a0<\/span>\r\n<span style=\"color: #000000;\">Un grupo de veteranos de la Guerra del Chaco (1932-1935) visitan los antiguos campos de batalla. En una retrospectiva, sobre un joven oficial deja a su hermano inv\u00e1lido para ir al frente de batalla y, obedeciendo las \u00f3rdenes del Jefe de Comando, dirige un ataque a trav\u00e9s de un t\u00fanel. Herido, regresa para casarse, pero volver\u00e1 al frente a enfrentar un incierto destino. <\/span><\/p>\r\n<p style=\"text-align: left;\">\r\n<span style=\"color: #000000;\">\u00a0<\/span>\r\n<span style=\"color: #000000;\">Reserv\u00e1 tus entradas en el LINK EN BIO, en la secci\u00f3n de CINE PARAGUAYO<\/span>\r\n<span style=\"color: #000000;\">Te esperamos en Defensa Nacional 737 entre Washington &amp; Per\u00fa.<\/span><\/p>\r\n<p style=\"text-align: left;\"><\/p>\r\n<p style=\"text-align: left;\"><span style=\"color: #000000;\"><em>Fuente:<\/em> Manuel Cuenca\u00a0<\/span><\/p>","protected":false},"excerpt":{"rendered":"<p>R\u00e9quiem por un soldado, 2002. \u00a0 Funci\u00f3n Especial con Galia Gim\u00e9nez y Manuel Cuenca. Domingo 01 de Diciembre a las 17:00 horas.\u00a0 \u00a0 Esta pel\u00edcula se estren\u00f3 en Washington, durante el Festival Latinoamericano de Cine. Exhibida en el Festival de Toulouse, Francia; en Mosc\u00fa, Rusia, en Berl\u00edn, Alemania y en Buenos Aires, Argentina. \u00a0 Una<\/p>\n<div class=\"read-more\"><a href=\"http:\/\/www.cid.com.py\/v1\/3932\" title=\"Read More\">Read More<\/a><\/div>\n","protected":false},"author":5,"featured_media":3933,"comment_status":"closed","ping_status":"closed","sticky":false,"template":"","format":"standard","meta":{"footnotes":""},"categories":[12],"tags":[2412,2411,379,727,2409,2382,2413,2410,2381,2414],"class_list":{"0":"post-3932","1":"post","2":"type-post","3":"status-publish","4":"format-standard","5":"has-post-thumbnail","7":"category-arte-y-espectaculos","8":"tag-any-ughelli","9":"tag-augusto-gimenez","10":"tag-cine","11":"tag-cine-paraguayo","12":"tag-funcion-especial","13":"tag-galia-gimenez","14":"tag-guerra-del-chaco","15":"tag-link-en-bio","16":"tag-manuel-cuenca","17":"tag-requiem-por-un-soldado"},"_links":{"self":[{"href":"http:\/\/www.cid.com.py\/v1\/wp-json\/wp\/v2\/posts\/3932"}],"collection":[{"href":"http:\/\/www.cid.com.py\/v1\/wp-json\/wp\/v2\/posts"}],"about":[{"href":"http:\/\/www.cid.com.py\/v1\/wp-json\/wp\/v2\/types\/post"}],"author":[{"embeddable":true,"href":"http:\/\/www.cid.com.py\/v1\/wp-json\/wp\/v2\/users\/5"}],"replies":[{"embeddable":true,"href":"http:\/\/www.cid.com.py\/v1\/wp-json\/wp\/v2\/comments?post=3932"}],"version-history":[{"count":6,"href":"http:\/\/www.cid.com.py\/v1\/wp-json\/wp\/v2\/posts\/3932\/revisions"}],"predecessor-version":[{"id":3939,"href":"http:\/\/www.cid.com.py\/v1\/wp-json\/wp\/v2\/posts\/3932\/revisions\/3939"}],"wp:featuredmedia":[{"embeddable":true,"href":"http:\/\/www.cid.com.py\/v1\/wp-json\/wp\/v2\/media\/3933"}],"wp:attachment":[{"href":"http:\/\/www.cid.com.py\/v1\/wp-json\/wp\/v2\/media?parent=3932"}],"wp:term":[{"taxonomy":"category","embeddable":true,"href":"http:\/\/www.cid.com.py\/v1\/wp-json\/wp\/v2\/categories?post=3932"},{"taxonomy":"post_tag","embeddable":true,"href":"http:\/\/www.cid.com.py\/v1\/wp-json\/wp\/v2\/tags?post=3932"}],"curies":[{"name":"wp","href":"https:\/\/api.w.org\/{rel}","templated":true}]}}