{"id":3945,"date":"2024-12-02T01:20:55","date_gmt":"2024-12-02T01:20:55","guid":{"rendered":"http:\/\/www.cid.com.py\/v1\/?p=3945"},"modified":"2024-12-02T01:20:55","modified_gmt":"2024-12-02T01:20:55","slug":"merecido-agasajo-a-comunicadores","status":"publish","type":"post","link":"http:\/\/www.cid.com.py\/v1\/3945","title":{"rendered":"Merecido agasajo a comunicadores"},"content":{"rendered":"<p style=\"text-align: left;\"><span style=\"color: #000000;\"><strong> Homenajes y brindis.<\/strong><\/span><\/p>\r\n<p style=\"text-align: left;\"><span style=\"color: #000000;\"><a style=\"color: #000000;\" href=\"http:\/\/www.cid.com.py\/v1\/wp-content\/uploads\/2024\/12\/IMG_3259.jpeg\"><img loading=\"lazy\" decoding=\"async\" class=\"alignleft size-thumbnail wp-image-3946\" src=\"http:\/\/www.cid.com.py\/v1\/wp-content\/uploads\/2024\/12\/IMG_3259-150x150.jpeg\" alt=\"\" width=\"150\" height=\"150\" \/><\/a><\/span><\/p>\r\n<p style=\"text-align: left;\"><span style=\"color: #000000;\">En un evento cargado de emociones, la Red Activa Paraguay (RAP) celebr\u00f3 su tradicional Almuerzo de Fin de A\u00f1o. M\u00e1s de 50 comunicadores institucionales y de medios de todo el pa\u00eds participaron de la reuni\u00f3n, que se destac\u00f3 por los reconocimientos a figuras emblem\u00e1ticas del \u00e1mbito comunicacional.<\/span>\r\n<span style=\"color: #000000;\">El Prof. Ram\u00f3n Silva recibi\u00f3 un pergamino de reconocimiento por su destacada trayectoria en la promoci\u00f3n de la cultura popular y la difusi\u00f3n del idioma guaran\u00ed en la comunicaci\u00f3n, ademas del deseo de una pronta y completa recuperaci\u00f3n de su aquejada salud. El galard\u00f3n fue entregado por el presidente de la RAP, Prof. Ferm\u00edn Esp\u00ednola, quien encabez\u00f3 la ceremonia de homenajes. <\/span>\r\n<span style=\"color: #000000;\">Entre los comunicadores homenajeados tambi\u00e9n se encontraron: <\/span><\/p>\r\n<p style=\"text-align: left;\">\r\n<span style=\"color: #000000;\">Carlos C\u00e9sar Sosa Villalba<\/span>\r\n<span style=\"color: #000000;\">,Pablino G\u00f3mez Vera<\/span>\r\n<span style=\"color: #000000;\">,Roque Gonz\u00e1lez<\/span>\r\n<span style=\"color: #000000;\">,Chony Calder\u00f3n<\/span>\r\n<span style=\"color: #000000;\">,Antonia Delvalle Castillo<\/span>\r\n<span style=\"color: #000000;\">,\u00d3scar Delgado<\/span>\r\n<span style=\"color: #000000;\">,Evanhy de Gallegos<\/span>\r\n<span style=\"color: #000000;\">,Andr\u00e9s Colm\u00e1n Guti\u00e9rrez<\/span>\r\n<span style=\"color: #000000;\">,Alcides Albari\u00f1o Barrios<\/span>\r\n<span style=\"color: #000000;\">,V\u00edctor Alderete Bord\u00f3n<\/span>\r\n<span style=\"color: #000000;\">,Hugo D\u00edaz y\u00a0<\/span>\r\n<span style=\"color: #000000;\">Marlene Sosa Lugo.<\/span><\/p>\r\n<p style=\"text-align: left;\">\r\n<span style=\"color: #000000;\">El evento fue una ocasi\u00f3n propicia para fortalecer los lazos entre los miembros de la RAP y rendir tributo a profesionales que han dejado huellas imborrables en el \u00e1mbito de la comunicaci\u00f3n.<\/span>\r\n<span style=\"color: #000000;\">\u201cFelicitaciones al director Ferm\u00edn Esp\u00ednola y a toda la Comisi\u00f3n Directiva por organizar una reuni\u00f3n tan amena, que reuni\u00f3 a colegas y amigos de tantos a\u00f1os. \u00a1Larga vida a la Red Activa Paraguay!\u201d, expres\u00f3 uno de los participantes.<\/span>\r\n<span style=\"color: #000000;\">El Almuerzo de Fin de A\u00f1o reafirm\u00f3 el compromiso de la RAP con la excelencia y el reconocimiento en el sector comunicacional paraguayo.<\/span><\/p>","protected":false},"excerpt":{"rendered":"<p>Homenajes y brindis. En un evento cargado de emociones, la Red Activa Paraguay (RAP) celebr\u00f3 su tradicional Almuerzo de Fin de A\u00f1o. M\u00e1s de 50 comunicadores institucionales y de medios de todo el pa\u00eds participaron de la reuni\u00f3n, que se destac\u00f3 por los reconocimientos a figuras emblem\u00e1ticas del \u00e1mbito comunicacional. El Prof. Ram\u00f3n Silva recibi\u00f3<\/p>\n<div class=\"read-more\"><a href=\"http:\/\/www.cid.com.py\/v1\/3945\" title=\"Read More\">Read More<\/a><\/div>\n","protected":false},"author":5,"featured_media":3946,"comment_status":"closed","ping_status":"closed","sticky":false,"template":"","format":"standard","meta":{"footnotes":""},"categories":[12],"tags":[540,2422,2423,173,2420,1278,2421,2424],"class_list":{"0":"post-3945","1":"post","2":"type-post","3":"status-publish","4":"format-standard","5":"has-post-thumbnail","7":"category-arte-y-espectaculos","8":"tag-brindis","9":"tag-comunicadores","10":"tag-fermin-espinola","11":"tag-homenaje","12":"tag-rap","13":"tag-reconocimiento","14":"tag-red-activa-paraguay","15":"tag-yidam-veneroso"},"_links":{"self":[{"href":"http:\/\/www.cid.com.py\/v1\/wp-json\/wp\/v2\/posts\/3945"}],"collection":[{"href":"http:\/\/www.cid.com.py\/v1\/wp-json\/wp\/v2\/posts"}],"about":[{"href":"http:\/\/www.cid.com.py\/v1\/wp-json\/wp\/v2\/types\/post"}],"author":[{"embeddable":true,"href":"http:\/\/www.cid.com.py\/v1\/wp-json\/wp\/v2\/users\/5"}],"replies":[{"embeddable":true,"href":"http:\/\/www.cid.com.py\/v1\/wp-json\/wp\/v2\/comments?post=3945"}],"version-history":[{"count":5,"href":"http:\/\/www.cid.com.py\/v1\/wp-json\/wp\/v2\/posts\/3945\/revisions"}],"predecessor-version":[{"id":3951,"href":"http:\/\/www.cid.com.py\/v1\/wp-json\/wp\/v2\/posts\/3945\/revisions\/3951"}],"wp:featuredmedia":[{"embeddable":true,"href":"http:\/\/www.cid.com.py\/v1\/wp-json\/wp\/v2\/media\/3946"}],"wp:attachment":[{"href":"http:\/\/www.cid.com.py\/v1\/wp-json\/wp\/v2\/media?parent=3945"}],"wp:term":[{"taxonomy":"category","embeddable":true,"href":"http:\/\/www.cid.com.py\/v1\/wp-json\/wp\/v2\/categories?post=3945"},{"taxonomy":"post_tag","embeddable":true,"href":"http:\/\/www.cid.com.py\/v1\/wp-json\/wp\/v2\/tags?post=3945"}],"curies":[{"name":"wp","href":"https:\/\/api.w.org\/{rel}","templated":true}]}}