{"id":4071,"date":"2025-09-21T22:31:25","date_gmt":"2025-09-21T22:31:25","guid":{"rendered":"http:\/\/www.cid.com.py\/v1\/?p=4071"},"modified":"2025-09-21T22:31:25","modified_gmt":"2025-09-21T22:31:25","slug":"radio-libre-distinguida-celebracion","status":"publish","type":"post","link":"http:\/\/www.cid.com.py\/v1\/4071","title":{"rendered":"Radio Libre, distinguida celebraci\u00f3n"},"content":{"rendered":"<p style=\"font-weight: 400;\"><span style=\"color: #000000;\"><strong>El premio \u201cAntorcha de la Libertad\u201d al economista Dionisio Borda.<\/strong><\/span><\/p>\r\n\r\n\r\n<div id=\"attachment_4072\" style=\"width: 160px\" class=\"wp-caption alignleft\"><a style=\"color: #000000;\" href=\"http:\/\/www.cid.com.py\/v1\/wp-content\/uploads\/2025\/09\/Captura-de-pantalla-2025-09-21-a-las-19.23.31.jpeg\"><img loading=\"lazy\" decoding=\"async\" aria-describedby=\"caption-attachment-4072\" class=\"size-thumbnail wp-image-4072\" src=\"http:\/\/www.cid.com.py\/v1\/wp-content\/uploads\/2025\/09\/Captura-de-pantalla-2025-09-21-a-las-19.23.31-150x150.jpeg\" alt=\"\" width=\"150\" height=\"150\" \/><\/a><p id=\"caption-attachment-4072\" class=\"wp-caption-text\"><\/span> <span style=\"color: #000000;\">Screenshot<\/span><\/p><\/div>\r\n<p style=\"font-weight: 400;\"><span style=\"color: #000000;\"><strong>\u00a0 \u00a0\u00a0<\/strong><\/span><\/p>\r\n<p style=\"font-weight: 400;\"><span style=\"color: #000000;\">La estaci\u00f3n conmemor\u00f3 su aniversario con un acto cultural y art\u00edstico que reuni\u00f3 a destacadas personalidades de la vida nacional que se comenz\u00f3 a las 10:00 de la ma\u00f1ana, con transmisi\u00f3n en directo, Radio Libre dio inicio a la celebraci\u00f3n de su\u00a0<strong>aniversario n\u00famero 28<\/strong>, ocasi\u00f3n en la que cada a\u00f1o distingue a una personalidad por su virtud, aporte o labor al servicio del pa\u00eds.<\/span><\/p>\r\n<p style=\"font-weight: 400;\"><span style=\"color: #000000;\">La conducci\u00f3n estuvo a cargo del periodista y locutor\u00a0<strong>Andr\u00e9s Granje<\/strong>, quien present\u00f3 al director de la emisora y creador del premio\u00a0<strong>\u201cAntorcha de la Libertad\u201d<\/strong>, el doctor\u00a0<strong>Benjam\u00edn Fern\u00e1ndez Bogado<\/strong>. En su intervenci\u00f3n, Fern\u00e1ndez Bogado destac\u00f3 la trayectoria del galardonado de este a\u00f1o, el economista\u00a0<strong>Dionisio Borda<\/strong>, valorando su compromiso con el desarrollo del Paraguay.<\/span><\/p>\r\n<p style=\"font-weight: 400;\"><span style=\"color: #000000;\">Por su parte, Borda agradeci\u00f3 la distinci\u00f3n y reafirm\u00f3 su compromiso de seguir trabajando por un pa\u00eds mejor.<\/span><\/p>\r\n<span style=\"color: #000000;\"><a style=\"color: #000000;\" href=\"http:\/\/www.cid.com.py\/v1\/wp-content\/uploads\/2025\/09\/IMG_8399.jpeg\"><img loading=\"lazy\" decoding=\"async\" class=\"aligncenter size-thumbnail wp-image-4073\" src=\"http:\/\/www.cid.com.py\/v1\/wp-content\/uploads\/2025\/09\/IMG_8399-150x150.jpeg\" alt=\"\" width=\"150\" height=\"150\" \/><\/a><\/span>\r\n<p style=\"font-weight: 400;\"><span style=\"color: #000000;\">El acto cont\u00f3 con la presencia de figuras pol\u00edticas, civiles y religiosas, as\u00ed como de numerosos seguidores de los distintos programas de la radio. Entre los asistentes se destacaron el monse\u00f1or\u00a0<strong>Mario Melanio Medina<\/strong>\u00a0y el profesor\u00a0<strong>David Galeano Olivera<\/strong>, reconocido docente, defensor y difusor del idioma guaran\u00ed.<\/span><\/p>\r\n<p style=\"font-weight: 400;\"><span style=\"color: #000000;\">El cierre estuvo marcado por un momento art\u00edstico especial: el arpista\u00a0<strong>Julio Corval\u00e1n<\/strong>\u00a0ofreci\u00f3 un repertorio tradicional y la cantante\u00a0<strong>Lizza Bogado<\/strong>\u00a0present\u00f3 en estreno un nuevo tema de su autor\u00eda, que fue premiado con un prolongado y caluroso aplauso.<\/span><\/p>\r\n<p style=\"font-weight: 400;\"><\/p>","protected":false},"excerpt":{"rendered":"<p>El premio \u201cAntorcha de la Libertad\u201d al economista Dionisio Borda. \u00a0 \u00a0\u00a0 La estaci\u00f3n conmemor\u00f3 su aniversario con un acto cultural y art\u00edstico que reuni\u00f3 a destacadas personalidades de la vida nacional que se comenz\u00f3 a las 10:00 de la ma\u00f1ana, con transmisi\u00f3n en directo, Radio Libre dio inicio a la celebraci\u00f3n de su\u00a0aniversario n\u00famero<\/p>\n<div class=\"read-more\"><a href=\"http:\/\/www.cid.com.py\/v1\/4071\" title=\"Read More\">Read More<\/a><\/div>\n","protected":false},"author":5,"featured_media":4072,"comment_status":"closed","ping_status":"closed","sticky":false,"template":"","format":"standard","meta":{"footnotes":""},"categories":[12],"tags":[2025,2499,2497,2023,316,2498,167,2496],"class_list":{"0":"post-4071","1":"post","2":"type-post","3":"status-publish","4":"format-standard","5":"has-post-thumbnail","7":"category-arte-y-espectaculos","8":"tag-benjamin-fernandez-bogado","9":"tag-dionisio-borda","10":"tag-fundacion-libre","11":"tag-lizza-bogado","12":"tag-premio","13":"tag-premio-antorcha-de-la-libertad","14":"tag-radio","15":"tag-radio-libre"},"_links":{"self":[{"href":"http:\/\/www.cid.com.py\/v1\/wp-json\/wp\/v2\/posts\/4071"}],"collection":[{"href":"http:\/\/www.cid.com.py\/v1\/wp-json\/wp\/v2\/posts"}],"about":[{"href":"http:\/\/www.cid.com.py\/v1\/wp-json\/wp\/v2\/types\/post"}],"author":[{"embeddable":true,"href":"http:\/\/www.cid.com.py\/v1\/wp-json\/wp\/v2\/users\/5"}],"replies":[{"embeddable":true,"href":"http:\/\/www.cid.com.py\/v1\/wp-json\/wp\/v2\/comments?post=4071"}],"version-history":[{"count":2,"href":"http:\/\/www.cid.com.py\/v1\/wp-json\/wp\/v2\/posts\/4071\/revisions"}],"predecessor-version":[{"id":4075,"href":"http:\/\/www.cid.com.py\/v1\/wp-json\/wp\/v2\/posts\/4071\/revisions\/4075"}],"wp:featuredmedia":[{"embeddable":true,"href":"http:\/\/www.cid.com.py\/v1\/wp-json\/wp\/v2\/media\/4072"}],"wp:attachment":[{"href":"http:\/\/www.cid.com.py\/v1\/wp-json\/wp\/v2\/media?parent=4071"}],"wp:term":[{"taxonomy":"category","embeddable":true,"href":"http:\/\/www.cid.com.py\/v1\/wp-json\/wp\/v2\/categories?post=4071"},{"taxonomy":"post_tag","embeddable":true,"href":"http:\/\/www.cid.com.py\/v1\/wp-json\/wp\/v2\/tags?post=4071"}],"curies":[{"name":"wp","href":"https:\/\/api.w.org\/{rel}","templated":true}]}}