{"id":4217,"date":"2026-03-12T21:27:23","date_gmt":"2026-03-12T21:27:23","guid":{"rendered":"http:\/\/www.cid.com.py\/v1\/?p=4217"},"modified":"2026-03-12T21:27:23","modified_gmt":"2026-03-12T21:27:23","slug":"movilizacion-educativa","status":"publish","type":"post","link":"http:\/\/www.cid.com.py\/v1\/4217","title":{"rendered":"Movilizaci\u00f3n educativa"},"content":{"rendered":"<div>\r\n\r\n<span style=\"color: #000000;\"><strong data-start=\"183\" data-end=\"194\">Filosof\u00eda UNA se suma a marcha.<\/strong><\/span>\r\n\r\n<div id=\"attachment_4222\" style=\"width: 160px\" class=\"wp-caption alignleft\"><a style=\"color: #000000;\" href=\"http:\/\/www.cid.com.py\/v1\/wp-content\/uploads\/2026\/03\/5135aaa0-fbca-40b0-a58c-1a22ed023894-1.jpeg\"><img loading=\"lazy\" decoding=\"async\" aria-describedby=\"caption-attachment-4222\" class=\"size-thumbnail wp-image-4222\" src=\"http:\/\/www.cid.com.py\/v1\/wp-content\/uploads\/2026\/03\/5135aaa0-fbca-40b0-a58c-1a22ed023894-1-150x150.jpeg\" alt=\"\" width=\"150\" height=\"150\" \/><\/a><p id=\"caption-attachment-4222\" class=\"wp-caption-text\"><\/span> <span style=\"color: #000000;\">Bajo la consigna \u201cFilosof\u00eda presente\u201d, integrantes de la comunidad acad\u00e9mica de la UNA marchan hacia el Congreso Nacional junto a docentes, estudiantes y trabajadores de la educaci\u00f3n.<\/span><\/p><\/div>\r\n\r\n<\/div>\r\n<div>\r\n\r\n&nbsp;\r\n\r\n<\/div>\r\n<div>\r\n<p data-start=\"280\" data-end=\"443\"><span style=\"color: #000000;\">Docentes y funcionarios de la Facultad de Filosof\u00eda de la Universidad Nacional de Asunci\u00f3n (UNA) participaron de la jornada de movilizaci\u00f3n realizada en el microcentro capitalino y frente al Congreso Nacional, en el marco de las protestas convocadas por gremios del sector educativo.<\/span><\/p>\r\n\r\n<\/div>\r\n<div>\r\n<p data-start=\"901\" data-end=\"1173\"><span style=\"color: #000000;\">La presencia de la comunidad acad\u00e9mica respondi\u00f3 a la<span class=\"apple-converted-space\">\u00a0<\/span><strong data-start=\"955\" data-end=\"1085\">convocatoria de la dirigencia de los principales gremios de docentes de escuelas, colegios y universidades nacionales del pa\u00eds<\/strong>, que impulsaron la jornada para visibilizar las demandas del sistema educativo p\u00fablico.<\/span><\/p>\r\n\r\n<\/div>\r\n<div>\r\n<p data-start=\"1175\" data-end=\"1446\"><span style=\"color: #000000;\">Durante la marcha, los manifestantes reiteraron la necesidad de<span class=\"apple-converted-space\">\u00a0<\/span><strong data-start=\"1239\" data-end=\"1325\">garantizar recursos adecuados para el funcionamiento de las universidades p\u00fablicas<\/strong>, as\u00ed como condiciones que permitan fortalecer la<span class=\"apple-converted-space\">\u00a0<\/span><strong data-start=\"1375\" data-end=\"1445\">formaci\u00f3n acad\u00e9mica, la investigaci\u00f3n y la extensi\u00f3n universitaria<\/strong>.<\/span><\/p>\r\n<p data-start=\"1175\" data-end=\"1446\"><span style=\"color: #000000;\"><a style=\"color: #000000;\" href=\"http:\/\/www.cid.com.py\/v1\/wp-content\/uploads\/2026\/03\/6128f340-7673-4935-8cf7-07b6a6d41c24-1.jpeg\"><img loading=\"lazy\" decoding=\"async\" class=\"alignright size-thumbnail wp-image-4221\" src=\"http:\/\/www.cid.com.py\/v1\/wp-content\/uploads\/2026\/03\/6128f340-7673-4935-8cf7-07b6a6d41c24-1-150x150.jpeg\" alt=\"\" width=\"150\" height=\"150\" \/><\/a><\/span><\/p>\r\n\r\n<\/div>\r\n<div>\r\n<p data-start=\"1448\" data-end=\"1629\"><span style=\"color: #000000;\">Bajo la consigna<span class=\"apple-converted-space\">\u00a0<\/span><strong data-start=\"1465\" data-end=\"1489\">\u201cFilosof\u00eda presente\u201d<\/strong>, docentes y funcionarios de la facultad acompa\u00f1aron la movilizaci\u00f3n junto a estudiantes y representantes de otras instituciones educativas.<\/span><\/p>\r\n\r\n<\/div>\r\n<div>\r\n<p data-start=\"1631\" data-end=\"1888\"><span style=\"color: #000000;\">La participaci\u00f3n de la Facultad de Filosof\u00eda, uno de los centros hist\u00f3ricos de pensamiento y formaci\u00f3n human\u00edstica de la UNA, reflej\u00f3 el respaldo de la comunidad universitaria a los reclamos orientados a fortalecer la educaci\u00f3n p\u00fablica en todos sus niveles.<\/span><\/p>\r\n\r\n<\/div>\r\n<div>\r\n\r\n<span style=\"color: #000000;\">Las manifestaciones formaron parte de una jornada nacional de movilizaci\u00f3n del sector educativo, que busca instalar en la agenda p\u00fablica la situaci\u00f3n de la educaci\u00f3n superior y la necesidad de pol\u00edticas que aseguren su sostenimiento y desarrollo.<\/span>\r\n\r\n<div id=\"attachment_4220\" style=\"width: 160px\" class=\"wp-caption aligncenter\"><a style=\"color: #000000;\" href=\"http:\/\/www.cid.com.py\/v1\/wp-content\/uploads\/2026\/03\/89888338-201b-4159-a6ae-8237f44a50ff.jpeg\"><img loading=\"lazy\" decoding=\"async\" aria-describedby=\"caption-attachment-4220\" class=\"size-thumbnail wp-image-4220\" src=\"http:\/\/www.cid.com.py\/v1\/wp-content\/uploads\/2026\/03\/89888338-201b-4159-a6ae-8237f44a50ff-150x150.jpeg\" alt=\"\" width=\"150\" height=\"150\" \/><\/a><p id=\"caption-attachment-4220\" class=\"wp-caption-text\"><\/span> <span style=\"color: #000000;\">La movilizaci\u00f3n reuni\u00f3 a representantes de distintos sectores educativos que reclaman mayor atenci\u00f3n a la educaci\u00f3n p\u00fablica y recursos adecuados para el funcionamiento de las universidades nacionales.<\/span><\/p><\/div>\r\n\r\n<\/div>","protected":false},"excerpt":{"rendered":"<p>Filosof\u00eda UNA se suma a marcha. &nbsp; Docentes y funcionarios de la Facultad de Filosof\u00eda de la Universidad Nacional de Asunci\u00f3n (UNA) participaron de la jornada de movilizaci\u00f3n realizada en el microcentro capitalino y frente al Congreso Nacional, en el marco de las protestas convocadas por gremios del sector educativo. La presencia de la comunidad<\/p>\n<div class=\"read-more\"><a href=\"http:\/\/www.cid.com.py\/v1\/4217\" title=\"Read More\">Read More<\/a><\/div>\n","protected":false},"author":5,"featured_media":4222,"comment_status":"closed","ping_status":"closed","sticky":false,"template":"","format":"standard","meta":{"footnotes":""},"categories":[6],"tags":[1192,2480,2556,2270,147,2044,424,332,2584,2271],"class_list":{"0":"post-4217","1":"post","2":"type-post","3":"status-publish","4":"format-standard","5":"has-post-thumbnail","7":"category-nacionales","8":"tag-facultad-de-filosofia","9":"tag-facultad-de-filosofia-de-la-universidad-nacional-de-asuncion-una","10":"tag-fep","11":"tag-ff","12":"tag-ffuna","13":"tag-manifestacion","14":"tag-marcha","15":"tag-una","16":"tag-une","17":"tag-universidad-nacional-de-asuncion"},"_links":{"self":[{"href":"http:\/\/www.cid.com.py\/v1\/wp-json\/wp\/v2\/posts\/4217"}],"collection":[{"href":"http:\/\/www.cid.com.py\/v1\/wp-json\/wp\/v2\/posts"}],"about":[{"href":"http:\/\/www.cid.com.py\/v1\/wp-json\/wp\/v2\/types\/post"}],"author":[{"embeddable":true,"href":"http:\/\/www.cid.com.py\/v1\/wp-json\/wp\/v2\/users\/5"}],"replies":[{"embeddable":true,"href":"http:\/\/www.cid.com.py\/v1\/wp-json\/wp\/v2\/comments?post=4217"}],"version-history":[{"count":2,"href":"http:\/\/www.cid.com.py\/v1\/wp-json\/wp\/v2\/posts\/4217\/revisions"}],"predecessor-version":[{"id":4224,"href":"http:\/\/www.cid.com.py\/v1\/wp-json\/wp\/v2\/posts\/4217\/revisions\/4224"}],"wp:featuredmedia":[{"embeddable":true,"href":"http:\/\/www.cid.com.py\/v1\/wp-json\/wp\/v2\/media\/4222"}],"wp:attachment":[{"href":"http:\/\/www.cid.com.py\/v1\/wp-json\/wp\/v2\/media?parent=4217"}],"wp:term":[{"taxonomy":"category","embeddable":true,"href":"http:\/\/www.cid.com.py\/v1\/wp-json\/wp\/v2\/categories?post=4217"},{"taxonomy":"post_tag","embeddable":true,"href":"http:\/\/www.cid.com.py\/v1\/wp-json\/wp\/v2\/tags?post=4217"}],"curies":[{"name":"wp","href":"https:\/\/api.w.org\/{rel}","templated":true}]}}