{"id":87,"date":"2014-07-16T15:12:52","date_gmt":"2014-07-16T15:12:52","guid":{"rendered":"http:\/\/www.cid.com.py\/v1\/?p=87"},"modified":"2014-07-16T17:39:04","modified_gmt":"2014-07-16T17:39:04","slug":"juventud-en-industrias-culturales","status":"publish","type":"post","link":"http:\/\/www.cid.com.py\/v1\/87","title":{"rendered":"Juventud en industrias culturales"},"content":{"rendered":"<div class=\"media_hero for_book\">\r\n<h2 style=\"font-weight: 300; font-style: inherit; color: #ffffff;\">AGENDA<\/h2>\r\n<\/div>\r\n<section id=\"article\" class=\"main_content\"><article style=\"font-weight: inherit; font-style: inherit;\">\r\n<h2 style=\"font-weight: 300; font-style: inherit;\"><strong>PROYECTO \u201cDESDE EL BARRIO\u201d.<\/strong><\/h2>\r\n<a href=\"http:\/\/www.cid.com.py\/v1\/wp-content\/uploads\/2014\/07\/afiche.jpg\"><img loading=\"lazy\" decoding=\"async\" class=\"alignleft size-medium wp-image-88\" src=\"http:\/\/www.cid.com.py\/v1\/wp-content\/uploads\/2014\/07\/afiche-300x191.jpg\" alt=\"afiche\" width=\"300\" height=\"191\" \/><\/a>\r\n\r\n<\/article><\/section>\r\n<p style=\"color: #000000;\"><i style=\"font-weight: inherit;\">\u200bCon el proyecto Desde el Barrio &#8211; Promoviendo la participaci\u00f3n de la juventud paraguaya en industrias culturales,\u00a0<\/i>se busca vincular la cultura y el desarrollo sostenible y promover la participaci\u00f3n de la juventud de barrios perif\u00e9ricos en emprendimientos culturales.<\/p>\r\n<p style=\"color: #000000;\">Este jueves 17 de julio desde las 18.30 horas, se llevar\u00e1 a cabo el festival art\u00edstico de presentaci\u00f3n del proyecto, el cual contar\u00e1 con la participaci\u00f3n de varios grupos juveniles.<\/p>\r\n<p style=\"color: #000000;\"><b style=\"font-style: inherit;\">\u00bfEn qu\u00e9 consiste?<\/b>\r\nTrabajan con grupos de los barrios de Asunci\u00f3n y del departamento Central, impulsando un nuevo dinamismo a la producci\u00f3n cultural, a trav\u00e9s de la promoci\u00f3n de la diversidad, al mismo tiempo, generando oportunidades de trabajo y formaci\u00f3n para los y las participantes. Esta iniciativa es producto de cinco a\u00f1os de trabajo de CyP en los barrios perif\u00e9ricos de Asunci\u00f3n y ciudades aleda\u00f1as. Actualmente cuenta con el apoyo financiero de la UNESCO, a trav\u00e9s del Fondo Internacional para la Diversidad Cultural (IFCD, por su siglas en ingl\u00e9s). Recientemente, el Centro Cultural de Espa\u00f1a Juan de Salazar, tambi\u00e9n ha sumado su apoyo al proyecto, habilitando sus instalaciones para el desarrollo de algunas actividades.<\/p>\r\n<p style=\"color: #000000;\"><b style=\"font-style: inherit;\">Objetivos<\/b>\r\nEntre sus objetivos inmediatos, el equipo de CyP se propone promover la participaci\u00f3n y el desarrollo de un nuevo sector cultural entre las juventudes de zonas de la periferia urbana, as\u00ed como, impulsar nuevos emprendimientos culturales locales con grupos juveniles.<\/p>\r\n<p style=\"color: #000000;\">Adem\u00e1s, el proyecto apunta a construir una red de cooperaci\u00f3n entre los grupos juveniles y otras organizaciones, para incidir en pol\u00edticas p\u00fablicas e impulsar pol\u00edticas culturales que apunten a la inclusi\u00f3n de la juventud de los barrios.<\/p>\r\n<p style=\"color: #000000;\">Las actividades se realizan actualmente en cinco barrios de Asunci\u00f3n y del departamento Central, y pueden participar de ellas todos los y las j\u00f3venes de m\u00e1s de 14 a\u00f1os, a quienes les gusta alguna expresi\u00f3n art\u00edstica como la m\u00fasica, la pintura, el baile, audiovisual o la poes\u00eda, muralismo, etc., tambi\u00e9n los grupos juveniles ya conformados que buscan un apoyo para mejorar y difundir su trabajo.<\/p>\r\n<p style=\"color: #000000;\">En general el proyecto prioriza el trabajo con j\u00f3venes de organizaciones que trabajan en los barrios de Asunci\u00f3n y Central, y cuyas actividades apuntan a contribuir con un cambio positivo en su comunidad y su pa\u00eds.<\/p>\r\n<p style=\"color: #000000;\"><b style=\"font-style: inherit;\">Instituci\u00f3n responsable:\r\n<\/b><i style=\"font-weight: inherit;\">Cultura y Participaci\u00f3n para el cambio social \u2013 CyP<\/i>, es un centro de investigaci\u00f3n y educaci\u00f3n en el \u00e1mbito de las ciencias sociales, dedicado a la producci\u00f3n y divulgaci\u00f3n de conocimientos acerca de los problemas principales de nuestra realidad, desde una perspectiva cr\u00edtica. Se dedica a la investigaci\u00f3n cient\u00edfica, la elaboraci\u00f3n de materiales de an\u00e1lisis y divulgaci\u00f3n, campa\u00f1as de comunicaci\u00f3n y proyectos sociales.<\/p>\r\n<p style=\"color: #000000;\">M\u00e1s informaci\u00f3n:\u00a0<a style=\"font-weight: inherit; font-style: inherit;\" href=\"http:\/\/www.cyp.org.py\/\">www.cyp.org.py<\/a><\/p>\r\n<p style=\"color: #000000;\"><b style=\"font-style: inherit;\">Apoyo del Fondo Internacional para la Diversidad Cultural<\/b>\r\nEl Fondo Internacional para la Diversidad Cultural (FIDC) de la UNESCO, es un fondo formado por diferentes donantes cuya creaci\u00f3n fue prevista por el art\u00edculo 18 de la Convenci\u00f3n de 2005 sobre la Protecci\u00f3n y la Promoci\u00f3n de la Diversidad de las Expresiones Culturales. El prop\u00f3sito del Fondo es promover el desarrollo sostenible y la reducci\u00f3n de la pobreza en los pa\u00edses en desarrollo que son Partes de la Convenci\u00f3n de 2005. La misi\u00f3n de la UNESCO consiste en contribuir a la consolidaci\u00f3n de la paz, la erradicaci\u00f3n de la pobreza, el desarrollo sostenible y el di\u00e1logo intercultural mediante la educaci\u00f3n, las ciencias, la cultura, la comunicaci\u00f3n y la informaci\u00f3n.<\/p>\r\n<p style=\"color: #000000;\">M\u00e1s informaci\u00f3n:\u00a0<a style=\"font-weight: inherit; font-style: inherit;\" href=\"http:\/\/www.unesco.org\/new\/es\/\">www.unesco.org\/new\/es\/<\/a><\/p>\r\n<p style=\"color: #000000;\">fuente: ccjds<\/p>","protected":false},"excerpt":{"rendered":"<p>AGENDA PROYECTO \u201cDESDE EL BARRIO\u201d. \u200bCon el proyecto Desde el Barrio &#8211; Promoviendo la participaci\u00f3n de la juventud paraguaya en industrias culturales,\u00a0se busca vincular la cultura y el desarrollo sostenible y promover la participaci\u00f3n de la juventud de barrios perif\u00e9ricos en emprendimientos culturales. Este jueves 17 de julio desde las 18.30 horas, se llevar\u00e1 a<\/p>\n<div class=\"read-more\"><a href=\"http:\/\/www.cid.com.py\/v1\/87\" title=\"Read More\">Read More<\/a><\/div>\n","protected":false},"author":5,"featured_media":0,"comment_status":"open","ping_status":"open","sticky":false,"template":"","format":"standard","meta":{"footnotes":""},"categories":[12],"tags":[61,59,58,57,60,56],"class_list":{"0":"post-87","1":"post","2":"type-post","3":"status-publish","4":"format-standard","6":"category-arte-y-espectaculos","7":"tag-barrio","8":"tag-cultura","9":"tag-cultura-y-desarrollo","10":"tag-desarrollo","11":"tag-desde-mi-barrio","12":"tag-juventud"},"_links":{"self":[{"href":"http:\/\/www.cid.com.py\/v1\/wp-json\/wp\/v2\/posts\/87"}],"collection":[{"href":"http:\/\/www.cid.com.py\/v1\/wp-json\/wp\/v2\/posts"}],"about":[{"href":"http:\/\/www.cid.com.py\/v1\/wp-json\/wp\/v2\/types\/post"}],"author":[{"embeddable":true,"href":"http:\/\/www.cid.com.py\/v1\/wp-json\/wp\/v2\/users\/5"}],"replies":[{"embeddable":true,"href":"http:\/\/www.cid.com.py\/v1\/wp-json\/wp\/v2\/comments?post=87"}],"version-history":[{"count":1,"href":"http:\/\/www.cid.com.py\/v1\/wp-json\/wp\/v2\/posts\/87\/revisions"}],"predecessor-version":[{"id":89,"href":"http:\/\/www.cid.com.py\/v1\/wp-json\/wp\/v2\/posts\/87\/revisions\/89"}],"wp:attachment":[{"href":"http:\/\/www.cid.com.py\/v1\/wp-json\/wp\/v2\/media?parent=87"}],"wp:term":[{"taxonomy":"category","embeddable":true,"href":"http:\/\/www.cid.com.py\/v1\/wp-json\/wp\/v2\/categories?post=87"},{"taxonomy":"post_tag","embeddable":true,"href":"http:\/\/www.cid.com.py\/v1\/wp-json\/wp\/v2\/tags?post=87"}],"curies":[{"name":"wp","href":"https:\/\/api.w.org\/{rel}","templated":true}]}}