{"id":93,"date":"2014-07-16T15:38:41","date_gmt":"2014-07-16T15:38:41","guid":{"rendered":"http:\/\/www.cid.com.py\/v1\/?p=93"},"modified":"2014-07-17T01:43:19","modified_gmt":"2014-07-17T01:43:19","slug":"formacion-y-desarraigo-de-los-profesionales-militares","status":"publish","type":"post","link":"http:\/\/www.cid.com.py\/v1\/93","title":{"rendered":"Formaci\u00f3n y desarraigo de los profesionales militares"},"content":{"rendered":"<p id=\"yui_3_16_0_1_1405517884548_20191\" class=\"yiv0514874022MsoNormal\" style=\"color: #000000;\"><strong><span id=\"yui_3_16_0_1_1405517884548_20190\" lang=\"ES\"><span style=\"color: #20124d;\">Presentan libro sobre educaci\u00f3n militar.<\/span><\/span><\/strong><\/p>\r\n<p class=\"yiv0514874022MsoNormal\" style=\"color: #000000;\"><span id=\"yui_3_16_0_1_1405517884548_20190\" lang=\"ES\"><span style=\"color: #20124d;\">\u00a0<a href=\"http:\/\/www.cid.com.py\/v1\/wp-content\/uploads\/2014\/07\/MG_3848.jpg\"><img loading=\"lazy\" decoding=\"async\" class=\"alignleft size-medium wp-image-94\" src=\"http:\/\/www.cid.com.py\/v1\/wp-content\/uploads\/2014\/07\/MG_3848-300x255.jpg\" alt=\"libro\" width=\"300\" height=\"255\" \/><\/a><\/span><\/span><\/p>\r\n<p class=\"yiv0514874022MsoNormal\" style=\"color: #000000;\"><span id=\"yui_3_16_0_1_1405517884548_20190\" lang=\"ES\">\u201cLa Educaci\u00f3n Militar en el Paraguay\u201d es \u00a0el libro de autor\u00eda del cnel. DEM Juan Ram\u00f3n Meza G\u00f3mez, que ser\u00e1 presentado este jueves 17 de julio, a las 19 h, en el Centro Cultural de la Rep\u00fablica El Cabildo (Avda. de la Rep\u00fablica y Alberdi) con acceso libre y gratuito. La presentaci\u00f3n estar\u00e1 a cargo del abogado Roberto P\u00e9rez.<\/span><\/p>\r\n<p id=\"yui_3_16_0_1_1405517884548_20184\" class=\"yiv0514874022MsoNormal\" style=\"color: #000000;\"><span id=\"yui_3_16_0_1_1405517884548_20208\" lang=\"ES\">El material presenta en m\u00e1s de 125 p\u00e1ginas temas como la formaci\u00f3n y el desarraigo de los profesionales militares, la organizaci\u00f3n y estructura curricular de los institutos de ense\u00f1anza, la \u00e9tica en la evoluci\u00f3n militar, la situaci\u00f3n actual de los institutos militares de ense\u00f1anza, las FF.AA. y la educaci\u00f3n para toda la vida en la era del conocimiento, la tecnolog\u00eda y la investigaci\u00f3n militar, entre otros. Fue impreso en Marben Editora y cuenta con el apoyo del Cabildo.<\/span><\/p>\r\n<p id=\"yui_3_16_0_1_1405517884548_20210\" class=\"yiv0514874022MsoNormal\" style=\"color: #000000;\"><span id=\"yui_3_16_0_1_1405517884548_20209\" lang=\"ES\">En el pr\u00f3logo del material, el autor asume una postura en relaci\u00f3n al proceso evolutivo, la problem\u00e1tica actual y las proyecciones de la educaci\u00f3n militar en el Paraguay, justamente considerando la poca informaci\u00f3n que la sociedad dispone sobre el tema.<\/span><\/p>\r\n<p id=\"yui_3_16_0_1_1405517884548_20189\" class=\"yiv0514874022MsoNormal\" style=\"color: #000000;\"><span id=\"yui_3_16_0_1_1405517884548_20211\" lang=\"ES\">Seg\u00fan el autor, \u201cen este libro se plasma la situaci\u00f3n actual de la educaci\u00f3n; adem\u00e1s, se consideran aspectos que hace a la capacidad y competencias que ostenta, hoy d\u00eda, la clase militar. En la obra se se\u00f1ala la necesidad de fortalecer la integraci\u00f3n de los miembros de las Fuerzas Armadas con los profesionales de la sociedad civil, en un objetivo com\u00fan, la defensa y el desarrollo nacional; especialmente, poniendo \u00e9nfasis a la cooperaci\u00f3n educativa en todos los niveles\u201d.<\/span><\/p>\r\n<p class=\"yiv0514874022MsoNormal\" style=\"color: #000000;\"><span lang=\"ES\">Un aspecto no menos importante que aborda esta obra es la necesidad de articular \u00f3rganos pol\u00edticos, estrat\u00e9gicos y operacionales pertinentes para generar capacidades y competencias, que permitan al estado enfrentar las amenazas actuales y emergentes, seg\u00fan el pr\u00f3logo del libro.<\/span><\/p>\r\n<p class=\"yiv0514874022MsoNormal\" style=\"color: #000000;\"><span lang=\"ES\">El esfuerzo del autor seguir\u00e1, en el sentido de \u201cbuscar aporte significativo, para la construcci\u00f3n de una posici\u00f3n cr\u00edtica en relaci\u00f3n a esta problem\u00e1tica, tan esencial: La educaci\u00f3n militar y su influencia en la defensa y desarrollo Nacional del Paraguay\u201d.<\/span><\/p>\r\n<p class=\"yiv0514874022MsoNormal\" style=\"color: #000000;\"><strong><span lang=\"ES\">Cnel. DEM Juan Ram\u00f3n Meza G\u00f3mez<\/span><\/strong><\/p>\r\n<p id=\"yui_3_16_0_1_1405517884548_20186\" class=\"yiv0514874022MsoNormal\" style=\"color: #000000;\"><span id=\"yui_3_16_0_1_1405517884548_20185\" lang=\"ES\">Naci\u00f3 en el departamento de San Pedro, en el a\u00f1o 1964. Actualmente es director del Curso de Liderazgo Estrat\u00e9gico del Instituto de Altos Estudios Estrat\u00e9gicos, profesor titular del m\u00f3dulo de Metodolog\u00eda de la Investigaci\u00f3n Cient\u00edfica de la Academia Militar \u201cMcal. Francisco Solano L\u00f3pez\u201d, profesor titular en los programas de Post-grado en Did\u00e1ctica Superior Universitaria del Centro de Capacitaci\u00f3n Pedag\u00f3gica del Instituto Militar de Educaci\u00f3n Superior, de la Escuela de Comando y Estado Mayor del Ej\u00e9rcito, de la Escuela de Perfeccionamiento de los Oficiales de la Armada y Escuela de Comando y Estado Mayor de la Armada.<\/span><\/p>\r\n<p id=\"yui_3_16_0_1_1405517884548_20188\" class=\"yiv0514874022MsoNormal\" style=\"color: #000000;\">Es Programador de Computadoras, y licenciado en An\u00e1lisis de Sistemas, por la Facultad Polit\u00e9cnica de la Universidad Nacional de Asunci\u00f3n, licenciado en Ciencias Militares por la Academia Militar \u201cMcal. Francisco Solano L\u00f3pez\u201d, en el a\u00f1o 1988. Especialista en Did\u00e1ctica Universitaria y T\u00e9cnicas y Procedimientos para la elaboraci\u00f3n de tesis doctoral por la facultad de Econom\u00eda de la Universidad Nacional de Asunci\u00f3n. M\u00e1ster en Operaciones y Ciencias Militares, egresado de la Escuela de Perfeccionamiento de Oficiales de Ej\u00e9rcito y Escuela de Comando y Estado Mayor del Ej\u00e9rcito, respectivamente.<\/p>\r\n<p id=\"yui_3_16_0_1_1405517884548_20193\" class=\"yiv0514874022MsoNormal\" style=\"color: #000000;\"><span id=\"yui_3_16_0_1_1405517884548_20192\" lang=\"ES\">Realiz\u00f3 cursos de especializaci\u00f3n en Teolog\u00eda en la Escuela B\u00edblica Capacitando Pastores Internacionales (CPI) del Instituto B\u00edblico Kansas City (EE.UU) M\u00f3dulo Paraguay.<\/span><\/p>\r\n<p id=\"yui_3_16_0_1_1405517884548_20195\" class=\"yiv0514874022MsoNormal\" style=\"color: #000000;\"><span id=\"yui_3_16_0_1_1405517884548_20194\" lang=\"ES\">Actualmente est\u00e1 cursando la maestr\u00eda en Planificaci\u00f3n y Conducci\u00f3n Estrat\u00e9gica Nacional en el Instituto\u00a0 de Altos Estudios Estrat\u00e9gicos.<\/span><\/p>\r\n<p class=\"yiv0514874022MsoNormal\" style=\"color: #000000;\">fuente: ccelcabildo<\/p>","protected":false},"excerpt":{"rendered":"<p>Presentan libro sobre educaci\u00f3n militar. \u00a0 \u201cLa Educaci\u00f3n Militar en el Paraguay\u201d es \u00a0el libro de autor\u00eda del cnel. DEM Juan Ram\u00f3n Meza G\u00f3mez, que ser\u00e1 presentado este jueves 17 de julio, a las 19 h, en el Centro Cultural de la Rep\u00fablica El Cabildo (Avda. de la Rep\u00fablica y Alberdi) con acceso libre y<\/p>\n<div class=\"read-more\"><a href=\"http:\/\/www.cid.com.py\/v1\/93\" title=\"Read More\">Read More<\/a><\/div>\n","protected":false},"author":5,"featured_media":0,"comment_status":"open","ping_status":"open","sticky":false,"template":"","format":"standard","meta":{"footnotes":""},"categories":[12],"tags":[73,72,70,71,74],"class_list":{"0":"post-93","1":"post","2":"type-post","3":"status-publish","4":"format-standard","6":"category-arte-y-espectaculos","7":"tag-centro-cultural-de-la-republica-el-cabildo","8":"tag-el-cabildo","9":"tag-libro","10":"tag-militares","11":"tag-la-educacion-militar-en-el-paraguay"},"_links":{"self":[{"href":"http:\/\/www.cid.com.py\/v1\/wp-json\/wp\/v2\/posts\/93"}],"collection":[{"href":"http:\/\/www.cid.com.py\/v1\/wp-json\/wp\/v2\/posts"}],"about":[{"href":"http:\/\/www.cid.com.py\/v1\/wp-json\/wp\/v2\/types\/post"}],"author":[{"embeddable":true,"href":"http:\/\/www.cid.com.py\/v1\/wp-json\/wp\/v2\/users\/5"}],"replies":[{"embeddable":true,"href":"http:\/\/www.cid.com.py\/v1\/wp-json\/wp\/v2\/comments?post=93"}],"version-history":[{"count":1,"href":"http:\/\/www.cid.com.py\/v1\/wp-json\/wp\/v2\/posts\/93\/revisions"}],"predecessor-version":[{"id":95,"href":"http:\/\/www.cid.com.py\/v1\/wp-json\/wp\/v2\/posts\/93\/revisions\/95"}],"wp:attachment":[{"href":"http:\/\/www.cid.com.py\/v1\/wp-json\/wp\/v2\/media?parent=93"}],"wp:term":[{"taxonomy":"category","embeddable":true,"href":"http:\/\/www.cid.com.py\/v1\/wp-json\/wp\/v2\/categories?post=93"},{"taxonomy":"post_tag","embeddable":true,"href":"http:\/\/www.cid.com.py\/v1\/wp-json\/wp\/v2\/tags?post=93"}],"curies":[{"name":"wp","href":"https:\/\/api.w.org\/{rel}","templated":true}]}}